{"id":878,"date":"2022-10-24T13:09:35","date_gmt":"2022-10-24T13:09:35","guid":{"rendered":"https:\/\/finalbossgeek.com.br\/?p=878"},"modified":"2022-10-24T13:09:37","modified_gmt":"2022-10-24T13:09:37","slug":"apos-participar-do-festival-do-rio-filme-ciclo-de-ian-sbf-sera-exibido-na-46a-mostra-internacional-de-cinema-em-sao-paulo","status":"publish","type":"post","link":"https:\/\/finalbossgeek.com.br\/?p=878","title":{"rendered":"Ap\u00f3s participar do Festival do Rio, filme \u201cCiclo\u201d, de Ian SBF, ser\u00e1 exibido na 46\u00aa Mostra Internacional de Cinema em S\u00e3o Paulo"},"content":{"rendered":"\n<p>Selecionado na categoria Mostra Brasil, com exibi\u00e7\u00e3o nos dias <a href=\"https:\/\/www.veloxtickets.com\/Parceiro\/P-MOSTRA\/Evento\/Cinema\/Sao-Paulo\/46-Mostra-Ciclo\/32931\" target=\"_blank\" rel=\"noreferrer noopener\">21 de outubro no Espa\u00e7o Ita\u00fa Frei Caneca<\/a>, \u00e0s 20h45, e no dia <a href=\"https:\/\/www.veloxtickets.com\/Parceiro\/P-MOSTRA\/Evento\/Cinema\/Sao-Paulo\/46-Mostra-Ciclo\/32931\/2022-10-31\/Mostra-SP-Espaco-Itau-Augusta\/MTF\" target=\"_blank\" rel=\"noreferrer noopener\">31 de outubro, no Espa\u00e7o Ita\u00fa Augusta<\/a>, \u00e0s 14h, \u201cCiclo\u201d, distribu\u00eddo pela O2 Play e com produ\u00e7\u00e3o de PH Souza da Cafe\u00edna Produ\u00e7\u00f5es, acompanha Ant\u00f4nio (Felipe Abib), que vive em uma esp\u00e9cie de apartamento bunker. O que era para ser um local tempor\u00e1rio at\u00e9 o fim da pandemia acaba se tornando seu lar permanente. A cada 58 minutos ele deve entrar em uma cabine vedada para que os espa\u00e7os sejam desinfectados com uma fuma\u00e7a t\u00f3xica capaz de matar qualquer microrganismo que possa ter entrado. O isolamento, a impossibilidade de sair e a altern\u00e2ncia de ciclos e mais ciclos de desinfec\u00e7\u00e3o v\u00e3o lentamente deteriorando a sua sa\u00fade mental.<\/p>\n\n\n\n<figure class=\"wp-block-image size-large\"><img  title=\"\" loading=\"lazy\" decoding=\"async\" width=\"697\" height=\"1024\" src=\"https:\/\/finalbossgeek.com.br\/wp-content\/uploads\/2022\/10\/Untitled-697x1024.png\"  alt=\"Untitled-697x1024 Ap\u00f3s participar do Festival do Rio, filme \u201cCiclo\u201d, de Ian SBF, ser\u00e1 exibido na 46\u00aa Mostra Internacional de Cinema em S\u00e3o Paulo\"  class=\"wp-image-880\" srcset=\"https:\/\/finalbossgeek.com.br\/wp-content\/uploads\/2022\/10\/Untitled-697x1024.png 697w, https:\/\/finalbossgeek.com.br\/wp-content\/uploads\/2022\/10\/Untitled-204x300.png 204w, https:\/\/finalbossgeek.com.br\/wp-content\/uploads\/2022\/10\/Untitled-768x1128.png 768w, https:\/\/finalbossgeek.com.br\/wp-content\/uploads\/2022\/10\/Untitled-1045x1536.png 1045w, https:\/\/finalbossgeek.com.br\/wp-content\/uploads\/2022\/10\/Untitled.png 1089w\" sizes=\"auto, (max-width: 697px) 100vw, 697px\" \/><\/figure>\n\n\n\n<p>O espa\u00e7o \u00e9 dividido com outros inquilinos, que s\u00e3o separados por portas vedadas. Eles nunca se tocam, mas se falam pelo vidro das portas ou pelos telefones. Ant\u00f4nio come\u00e7a a duvidar da pr\u00f3pria sanidade, principalmente quando conversa com o bot\u00e2nico Diego (Daniel Furlan), que parece estar tamb\u00e9m saindo do controle. Ele passa a desconfiar de tudo e todos, e sair dali e encarar seus medos parece ser um caminho sem volta.<\/p>\n\n\n\n<p>&#8220;Ciclo&#8221; mistura fic\u00e7\u00e3o cient\u00edfica com suspense e traz um futuro dist\u00f3pico onde a pandemia venceu a humanidade e as pessoas n\u00e3o podem mais sair do isolamento. Ao refletir sobre o isolamento e a deteriora\u00e7\u00e3o da mente, o diretor tamb\u00e9m traz um thriller de arrepiar, onde o p\u00fablico vai se surpreender a cada cena com as descobertas do protagonista e o desenrolar dos acontecimentos. Quem sair\u00e1 ganhando, a humanidade ou a pandemia?<\/p>\n\n\n\n<figure class=\"wp-block-image size-full\"><img  title=\"\" loading=\"lazy\" decoding=\"async\" width=\"295\" height=\"400\" src=\"https:\/\/finalbossgeek.com.br\/wp-content\/uploads\/2022\/10\/5667101.png-c_310_420_x-f_jpg-q_x-xxyxx.jpg\"  alt=\"5667101.png-c_310_420_x-f_jpg-q_x-xxyxx Ap\u00f3s participar do Festival do Rio, filme \u201cCiclo\u201d, de Ian SBF, ser\u00e1 exibido na 46\u00aa Mostra Internacional de Cinema em S\u00e3o Paulo\"  class=\"wp-image-881\" srcset=\"https:\/\/finalbossgeek.com.br\/wp-content\/uploads\/2022\/10\/5667101.png-c_310_420_x-f_jpg-q_x-xxyxx.jpg 295w, https:\/\/finalbossgeek.com.br\/wp-content\/uploads\/2022\/10\/5667101.png-c_310_420_x-f_jpg-q_x-xxyxx-221x300.jpg 221w\" sizes=\"auto, (max-width: 295px) 100vw, 295px\" \/><\/figure>\n\n\n\n<p>A programa\u00e7\u00e3o da 46\u00aa Mostra Internacional de Cinema em S\u00e3o Paulo conta com 231 filmes, vindos de 60 pa\u00edses, que ser\u00e3o apresentados nas se\u00e7\u00f5es Perspectiva Internacional, Competi\u00e7\u00e3o Novos Diretores, Mostra Brasil e Apresenta\u00e7\u00e3o Especial, al\u00e9m da exibi\u00e7\u00e3o de filmes restaurados e em realidade virtual.<\/p>\n\n\n\n<p>Mais informa\u00e7\u00f5es: <a href=\"https:\/\/46.mostra.org\/\" target=\"_blank\" rel=\"noreferrer noopener\">https:\/\/46.mostra.org\/<\/a><\/p>\n\n\n\n<p><strong>Sinopse<\/strong><strong><br><\/strong>Um filme de fic\u00e7\u00e3o cient\u00edfica\/suspense que nos apresenta um futuro assustadoramente poss\u00edvel, onde as coisas sa\u00edram ainda mais do controle e o que seria apenas uma \u201cquarentena\u201d virou o novo e totalmente bizarro normal.<\/p>\n\n\n\n<p><strong>Teaser \u201cCiclo\u201d: <\/strong><a href=\"https:\/\/vimeo.com\/cafeinaproducoes\/cicloteaserpt\" target=\"_blank\" rel=\"noreferrer noopener\">https:\/\/vimeo.com\/cafeinaproducoes\/cicloteaserpt<\/a><\/p>\n\n\n\n<p><strong>Sobre o diretor Ian SBF<\/strong><strong><br><\/strong>Ian SBF \u00e9 diretor, roteirista e produtor Brasileiro. \u00c9 um dos fundadores do Porta dos Fundos. Tamb\u00e9m escreveu e dirigiu o longa-metragem \u201cEntre Abelhas\u201d (2015) e dirigiu o filme \u201cContrato Vital\u00edcio\u201d (2016) do Porta dos Fundos. Escreveu e dirigiu a s\u00e9rie \u201cO Grande Gonzalez\u201d (2015) pro canal FOX (Brasil). Escreveu e dirigiu a s\u00e9rie \u201cBorges\u201d (2018) pro Comedy Central (Brasil). Dirigiu a s\u00e9rie \u201cMal me quer\u201d (2019) pra Warner (Brasil). Desde 2018 tamb\u00e9m dirige publicidade pra O2 Filmes onde j\u00e1 fez v\u00e1rias das maiores campanhas nesse per\u00edodo e ganhou o Profissionais do ano em 2020 e 2021.<br>&nbsp;<\/p>\n\n\n\n<p><strong>Sobre o produtor PH Souza<\/strong><strong><br><\/strong>Cineasta, produtor e montador. Fundador da produtora Cafe\u00edna Produ\u00e7\u00f5es. Em 2020, recebeu o Emmy Internacional na categoria Arte pela produ\u00e7\u00e3o do document\u00e1rio \u201cRessaca\u201d (2019), que venceu tamb\u00e9m os pr\u00eamios de dire\u00e7\u00e3o e filme no Festival do Rio. A sua estreia como diretor em longas aconteceu com \u201cCacaso na corda bamba<strong>\u201d<\/strong> (2016), que foi selecionado para a competi\u00e7\u00e3o nacional do Festival \u00c9 Tudo Verdade. Atuou como produtor e montador nos filmes \u201cO contestado \u2013 Restos mortais\u201d<strong> <\/strong>e \u201cO universo Graciliano\u201d, ambos dirigidos pelo cineasta Sylvio Back. E levou a obra do mestre Ziraldo para as telas ao produzir \u201cA turma do Perer\u00ea.doc\u201d (2018).&nbsp;<\/p>\n\n\n\n<p><strong>Sobre a distribuidora O2 Play<\/strong><\/p>\n\n\n\n<p>A O2 Play \u00e9 dirigida por Igor Kupstas sob a tutela de Paulo Morelli, s\u00f3cio da O2 Filmes e faz parte do grupo O2, que tem como s\u00f3cios tamb\u00e9m o cineasta Fernando Meirelles e a produtora Andrea Barata Ribeiro. Em atividade desde 2013, a O2 Play se diferencia das demais distribuidoras por trabalhar al\u00e9m de cinema, TV e vendas internacionais, o VOD (Video on Demand), licenciando conte\u00fado para mais de 30 plataformas digitais. J\u00e1 foram mais de 70&nbsp; filmes lan\u00e7ados em cinemas, entre t\u00edtulos brasileiros premiados, como \u201cS\u00f3crates\u201d e \u201cChor\u00e3o &#8211; Marginal Alado\u201d, e internacionais, como &#8220;O Irland\u00eas&#8221;, &#8220;Dois Papas\u201d e &#8220;N\u00e3o Olhe Para Cima\u201d, em parceria com a Netflix, e &#8220;Annette&#8221;, que abriu o Festival de Cannes 2021, em que ganhou a Palma de melhor dire\u00e7\u00e3o. Mais informa\u00e7\u00f5es em <a href=\"https:\/\/o2play.com.br\/\" target=\"_blank\" rel=\"noreferrer noopener\">https:\/\/o2play.com.br\/<\/a><\/p>\n\n\n\n<p><strong>Ficha T\u00e9cnica:<\/strong><\/p>\n\n\n\n<p>DIRETOR: IAN SBF<\/p>\n\n\n\n<p>ROTEIRO: IAN SBF<\/p>\n\n\n\n<p>EMPRESA PRODUTORA: NEEBLA PRODU\u00c7\u00d5ES&nbsp;<\/p>\n\n\n\n<p>COPRODU\u00c7\u00c3O:&nbsp; CAFE\u00cdNA PRODU\u00c7\u00d5ES<\/p>\n\n\n\n<p>PRODU\u00c7\u00c3O: PH SOUZA<\/p>\n\n\n\n<p>FOTOGRAFIA: VINICIUS BRUM<\/p>\n\n\n\n<p>DIRE\u00c7\u00c3O DE ARTE: FERNANDA TEIXEIRA<\/p>\n\n\n\n<p>MONTAGEM: IAN SBF E BERNARDO PIMENTA<\/p>\n\n\n\n<p>M\u00daSICA: GABRIEL CHWOJNIK<\/p>\n\n\n\n<p>ELENCO: FELIPE ABIB, DANIEL FURLAN, DANI ORNELLAS, FL\u00c1VIO BAURAQUI, STEPHANIE LOUREN\u00c7O, RAFAEL SARAIVA<\/p>\n\n\n\n<p>DISTRIBUIDORA: O2 PLAY<\/p>\n","protected":false},"excerpt":{"rendered":"<p>Selecionado na categoria Mostra Brasil, com exibi\u00e7\u00e3o nos dias 21 de outubro no Espa\u00e7o Ita\u00fa Frei Caneca, \u00e0s 20h45, e no dia 31 de outubro, no Espa\u00e7o Ita\u00fa Augusta, \u00e0s 14h, \u201cCiclo\u201d, distribu\u00eddo pela O2 Play e com produ\u00e7\u00e3o de PH Souza da Cafe\u00edna Produ\u00e7\u00f5es, acompanha Ant\u00f4nio (Felipe Abib), que vive em uma esp\u00e9cie de [&hellip;]<\/p>\n","protected":false},"author":1,"featured_media":879,"comment_status":"open","ping_status":"open","sticky":false,"template":"","format":"standard","meta":{"footnotes":""},"categories":[7,55],"tags":[],"class_list":["post-878","post","type-post","status-publish","format-standard","has-post-thumbnail","hentry","category-boss-noticias","category-filmes"],"yoast_head":"<!-- This site is optimized with the Yoast SEO plugin v27.4 - https:\/\/yoast.com\/product\/yoast-seo-wordpress\/ -->\n<title>Ap\u00f3s participar do Festival do Rio, filme \u201cCiclo\u201d, de Ian SBF, ser\u00e1 exibido na 46\u00aa Mostra Internacional de Cinema em S\u00e3o Paulo - Final Boss Geek<\/title>\n<meta name=\"robots\" content=\"index, follow, max-snippet:-1, max-image-preview:large, max-video-preview:-1\" \/>\n<link rel=\"canonical\" href=\"https:\/\/finalbossgeek.com.br\/?p=878\" \/>\n<meta property=\"og:locale\" content=\"pt_BR\" \/>\n<meta property=\"og:type\" content=\"article\" \/>\n<meta property=\"og:title\" content=\"Ap\u00f3s participar do Festival do Rio, filme \u201cCiclo\u201d, de Ian SBF, ser\u00e1 exibido na 46\u00aa Mostra Internacional de Cinema em S\u00e3o Paulo - Final Boss Geek\" \/>\n<meta property=\"og:description\" content=\"Selecionado na categoria Mostra Brasil, com exibi\u00e7\u00e3o nos dias 21 de outubro no Espa\u00e7o Ita\u00fa Frei Caneca, \u00e0s 20h45, e no dia 31 de outubro, no Espa\u00e7o Ita\u00fa Augusta, \u00e0s 14h, \u201cCiclo\u201d, distribu\u00eddo pela O2 Play e com produ\u00e7\u00e3o de PH Souza da Cafe\u00edna Produ\u00e7\u00f5es, acompanha Ant\u00f4nio (Felipe Abib), que vive em uma esp\u00e9cie de [&hellip;]\" \/>\n<meta property=\"og:url\" content=\"https:\/\/finalbossgeek.com.br\/?p=878\" \/>\n<meta property=\"og:site_name\" content=\"Final Boss Geek\" \/>\n<meta property=\"article:publisher\" content=\"https:\/\/web.facebook.com\/FinalBossGeek\" \/>\n<meta property=\"article:published_time\" content=\"2022-10-24T13:09:35+00:00\" \/>\n<meta property=\"article:modified_time\" content=\"2022-10-24T13:09:37+00:00\" \/>\n<meta property=\"og:image\" content=\"https:\/\/finalbossgeek.com.br\/wp-content\/uploads\/2022\/10\/Formato-II.jpg\" \/>\n\t<meta property=\"og:image:width\" content=\"1008\" \/>\n\t<meta property=\"og:image:height\" content=\"592\" \/>\n\t<meta property=\"og:image:type\" content=\"image\/jpeg\" \/>\n<meta name=\"author\" content=\"FinalBossGeek\" \/>\n<meta name=\"twitter:card\" content=\"summary_large_image\" \/>\n<meta name=\"twitter:label1\" content=\"Escrito por\" \/>\n\t<meta name=\"twitter:data1\" content=\"FinalBossGeek\" \/>\n\t<meta name=\"twitter:label2\" content=\"Est. tempo de leitura\" \/>\n\t<meta name=\"twitter:data2\" content=\"4 minutos\" \/>\n<script type=\"application\/ld+json\" class=\"yoast-schema-graph\">{\"@context\":\"https:\\\/\\\/schema.org\",\"@graph\":[{\"@type\":\"Article\",\"@id\":\"https:\\\/\\\/finalbossgeek.com.br\\\/?p=878#article\",\"isPartOf\":{\"@id\":\"https:\\\/\\\/finalbossgeek.com.br\\\/?p=878\"},\"author\":{\"name\":\"FinalBossGeek\",\"@id\":\"https:\\\/\\\/finalbossgeek.com.br\\\/#\\\/schema\\\/person\\\/efefe4df9547729a54251a02081297cd\"},\"headline\":\"Ap\u00f3s participar do Festival do Rio, filme \u201cCiclo\u201d, de Ian SBF, ser\u00e1 exibido na 46\u00aa Mostra Internacional de Cinema em S\u00e3o Paulo\",\"datePublished\":\"2022-10-24T13:09:35+00:00\",\"dateModified\":\"2022-10-24T13:09:37+00:00\",\"mainEntityOfPage\":{\"@id\":\"https:\\\/\\\/finalbossgeek.com.br\\\/?p=878\"},\"wordCount\":848,\"commentCount\":0,\"publisher\":{\"@id\":\"https:\\\/\\\/finalbossgeek.com.br\\\/#organization\"},\"image\":{\"@id\":\"https:\\\/\\\/finalbossgeek.com.br\\\/?p=878#primaryimage\"},\"thumbnailUrl\":\"https:\\\/\\\/finalbossgeek.com.br\\\/wp-content\\\/uploads\\\/2022\\\/10\\\/Formato-II.jpg\",\"articleSection\":[\"BossNot\u00edcias\",\"Filmes\"],\"inLanguage\":\"pt-BR\",\"potentialAction\":[{\"@type\":\"CommentAction\",\"name\":\"Comment\",\"target\":[\"https:\\\/\\\/finalbossgeek.com.br\\\/?p=878#respond\"]}]},{\"@type\":\"WebPage\",\"@id\":\"https:\\\/\\\/finalbossgeek.com.br\\\/?p=878\",\"url\":\"https:\\\/\\\/finalbossgeek.com.br\\\/?p=878\",\"name\":\"Ap\u00f3s participar do Festival do Rio, filme \u201cCiclo\u201d, de Ian SBF, ser\u00e1 exibido na 46\u00aa Mostra Internacional de Cinema em S\u00e3o Paulo - Final Boss Geek\",\"isPartOf\":{\"@id\":\"https:\\\/\\\/finalbossgeek.com.br\\\/#website\"},\"primaryImageOfPage\":{\"@id\":\"https:\\\/\\\/finalbossgeek.com.br\\\/?p=878#primaryimage\"},\"image\":{\"@id\":\"https:\\\/\\\/finalbossgeek.com.br\\\/?p=878#primaryimage\"},\"thumbnailUrl\":\"https:\\\/\\\/finalbossgeek.com.br\\\/wp-content\\\/uploads\\\/2022\\\/10\\\/Formato-II.jpg\",\"datePublished\":\"2022-10-24T13:09:35+00:00\",\"dateModified\":\"2022-10-24T13:09:37+00:00\",\"breadcrumb\":{\"@id\":\"https:\\\/\\\/finalbossgeek.com.br\\\/?p=878#breadcrumb\"},\"inLanguage\":\"pt-BR\",\"potentialAction\":[{\"@type\":\"ReadAction\",\"target\":[\"https:\\\/\\\/finalbossgeek.com.br\\\/?p=878\"]}]},{\"@type\":\"ImageObject\",\"inLanguage\":\"pt-BR\",\"@id\":\"https:\\\/\\\/finalbossgeek.com.br\\\/?p=878#primaryimage\",\"url\":\"https:\\\/\\\/finalbossgeek.com.br\\\/wp-content\\\/uploads\\\/2022\\\/10\\\/Formato-II.jpg\",\"contentUrl\":\"https:\\\/\\\/finalbossgeek.com.br\\\/wp-content\\\/uploads\\\/2022\\\/10\\\/Formato-II.jpg\",\"width\":1008,\"height\":592},{\"@type\":\"BreadcrumbList\",\"@id\":\"https:\\\/\\\/finalbossgeek.com.br\\\/?p=878#breadcrumb\",\"itemListElement\":[{\"@type\":\"ListItem\",\"position\":1,\"name\":\"In\u00edcio\",\"item\":\"https:\\\/\\\/finalbossgeek.com.br\\\/\"},{\"@type\":\"ListItem\",\"position\":2,\"name\":\"Ap\u00f3s participar do Festival do Rio, filme \u201cCiclo\u201d, de Ian SBF, ser\u00e1 exibido na 46\u00aa Mostra Internacional de Cinema em S\u00e3o Paulo\"}]},{\"@type\":\"WebSite\",\"@id\":\"https:\\\/\\\/finalbossgeek.com.br\\\/#website\",\"url\":\"https:\\\/\\\/finalbossgeek.com.br\\\/\",\"name\":\"Final Boss Geek\",\"description\":\"&quot;A sua casa do entretenimento nerd&quot;\",\"publisher\":{\"@id\":\"https:\\\/\\\/finalbossgeek.com.br\\\/#organization\"},\"potentialAction\":[{\"@type\":\"SearchAction\",\"target\":{\"@type\":\"EntryPoint\",\"urlTemplate\":\"https:\\\/\\\/finalbossgeek.com.br\\\/?s={search_term_string}\"},\"query-input\":{\"@type\":\"PropertyValueSpecification\",\"valueRequired\":true,\"valueName\":\"search_term_string\"}}],\"inLanguage\":\"pt-BR\"},{\"@type\":\"Organization\",\"@id\":\"https:\\\/\\\/finalbossgeek.com.br\\\/#organization\",\"name\":\"Final Boss Geek\",\"url\":\"https:\\\/\\\/finalbossgeek.com.br\\\/\",\"logo\":{\"@type\":\"ImageObject\",\"inLanguage\":\"pt-BR\",\"@id\":\"https:\\\/\\\/finalbossgeek.com.br\\\/#\\\/schema\\\/logo\\\/image\\\/\",\"url\":\"https:\\\/\\\/finalbossgeek.com.br\\\/wp-content\\\/uploads\\\/2026\\\/04\\\/cropped-Icone-Site-2.png\",\"contentUrl\":\"https:\\\/\\\/finalbossgeek.com.br\\\/wp-content\\\/uploads\\\/2026\\\/04\\\/cropped-Icone-Site-2.png\",\"width\":512,\"height\":512,\"caption\":\"Final Boss Geek\"},\"image\":{\"@id\":\"https:\\\/\\\/finalbossgeek.com.br\\\/#\\\/schema\\\/logo\\\/image\\\/\"},\"sameAs\":[\"https:\\\/\\\/web.facebook.com\\\/FinalBossGeek\",\"https:\\\/\\\/www.instagram.com\\\/finalbossgeek\\\/\",\"https:\\\/\\\/www.twitch.tv\\\/finalbossgeek\",\"https:\\\/\\\/www.linkedin.com\\\/company\\\/finalbossgeek\\\/?viewAsMember=true\",\"https:\\\/\\\/www.tiktok.com\\\/@finalbossgeek\"]},{\"@type\":\"Person\",\"@id\":\"https:\\\/\\\/finalbossgeek.com.br\\\/#\\\/schema\\\/person\\\/efefe4df9547729a54251a02081297cd\",\"name\":\"FinalBossGeek\",\"image\":{\"@type\":\"ImageObject\",\"inLanguage\":\"pt-BR\",\"@id\":\"https:\\\/\\\/secure.gravatar.com\\\/avatar\\\/d1422701180383085e7511b514ea162092d901bbcc4a2c798223f3078a0f1b01?s=96&d=mm&r=g\",\"url\":\"https:\\\/\\\/secure.gravatar.com\\\/avatar\\\/d1422701180383085e7511b514ea162092d901bbcc4a2c798223f3078a0f1b01?s=96&d=mm&r=g\",\"contentUrl\":\"https:\\\/\\\/secure.gravatar.com\\\/avatar\\\/d1422701180383085e7511b514ea162092d901bbcc4a2c798223f3078a0f1b01?s=96&d=mm&r=g\",\"caption\":\"FinalBossGeek\"},\"sameAs\":[\"http:\\\/\\\/finalbossgeek.com.br\"],\"url\":\"https:\\\/\\\/finalbossgeek.com.br\\\/?author=1\"}]}<\/script>\n<!-- \/ Yoast SEO plugin. -->","yoast_head_json":{"title":"Ap\u00f3s participar do Festival do Rio, filme \u201cCiclo\u201d, de Ian SBF, ser\u00e1 exibido na 46\u00aa Mostra Internacional de Cinema em S\u00e3o Paulo - Final Boss Geek","robots":{"index":"index","follow":"follow","max-snippet":"max-snippet:-1","max-image-preview":"max-image-preview:large","max-video-preview":"max-video-preview:-1"},"canonical":"https:\/\/finalbossgeek.com.br\/?p=878","og_locale":"pt_BR","og_type":"article","og_title":"Ap\u00f3s participar do Festival do Rio, filme \u201cCiclo\u201d, de Ian SBF, ser\u00e1 exibido na 46\u00aa Mostra Internacional de Cinema em S\u00e3o Paulo - Final Boss Geek","og_description":"Selecionado na categoria Mostra Brasil, com exibi\u00e7\u00e3o nos dias 21 de outubro no Espa\u00e7o Ita\u00fa Frei Caneca, \u00e0s 20h45, e no dia 31 de outubro, no Espa\u00e7o Ita\u00fa Augusta, \u00e0s 14h, \u201cCiclo\u201d, distribu\u00eddo pela O2 Play e com produ\u00e7\u00e3o de PH Souza da Cafe\u00edna Produ\u00e7\u00f5es, acompanha Ant\u00f4nio (Felipe Abib), que vive em uma esp\u00e9cie de [&hellip;]","og_url":"https:\/\/finalbossgeek.com.br\/?p=878","og_site_name":"Final Boss Geek","article_publisher":"https:\/\/web.facebook.com\/FinalBossGeek","article_published_time":"2022-10-24T13:09:35+00:00","article_modified_time":"2022-10-24T13:09:37+00:00","og_image":[{"width":1008,"height":592,"url":"https:\/\/finalbossgeek.com.br\/wp-content\/uploads\/2022\/10\/Formato-II.jpg","type":"image\/jpeg"}],"author":"FinalBossGeek","twitter_card":"summary_large_image","twitter_misc":{"Escrito por":"FinalBossGeek","Est. tempo de leitura":"4 minutos"},"schema":{"@context":"https:\/\/schema.org","@graph":[{"@type":"Article","@id":"https:\/\/finalbossgeek.com.br\/?p=878#article","isPartOf":{"@id":"https:\/\/finalbossgeek.com.br\/?p=878"},"author":{"name":"FinalBossGeek","@id":"https:\/\/finalbossgeek.com.br\/#\/schema\/person\/efefe4df9547729a54251a02081297cd"},"headline":"Ap\u00f3s participar do Festival do Rio, filme \u201cCiclo\u201d, de Ian SBF, ser\u00e1 exibido na 46\u00aa Mostra Internacional de Cinema em S\u00e3o Paulo","datePublished":"2022-10-24T13:09:35+00:00","dateModified":"2022-10-24T13:09:37+00:00","mainEntityOfPage":{"@id":"https:\/\/finalbossgeek.com.br\/?p=878"},"wordCount":848,"commentCount":0,"publisher":{"@id":"https:\/\/finalbossgeek.com.br\/#organization"},"image":{"@id":"https:\/\/finalbossgeek.com.br\/?p=878#primaryimage"},"thumbnailUrl":"https:\/\/finalbossgeek.com.br\/wp-content\/uploads\/2022\/10\/Formato-II.jpg","articleSection":["BossNot\u00edcias","Filmes"],"inLanguage":"pt-BR","potentialAction":[{"@type":"CommentAction","name":"Comment","target":["https:\/\/finalbossgeek.com.br\/?p=878#respond"]}]},{"@type":"WebPage","@id":"https:\/\/finalbossgeek.com.br\/?p=878","url":"https:\/\/finalbossgeek.com.br\/?p=878","name":"Ap\u00f3s participar do Festival do Rio, filme \u201cCiclo\u201d, de Ian SBF, ser\u00e1 exibido na 46\u00aa Mostra Internacional de Cinema em S\u00e3o Paulo - Final Boss Geek","isPartOf":{"@id":"https:\/\/finalbossgeek.com.br\/#website"},"primaryImageOfPage":{"@id":"https:\/\/finalbossgeek.com.br\/?p=878#primaryimage"},"image":{"@id":"https:\/\/finalbossgeek.com.br\/?p=878#primaryimage"},"thumbnailUrl":"https:\/\/finalbossgeek.com.br\/wp-content\/uploads\/2022\/10\/Formato-II.jpg","datePublished":"2022-10-24T13:09:35+00:00","dateModified":"2022-10-24T13:09:37+00:00","breadcrumb":{"@id":"https:\/\/finalbossgeek.com.br\/?p=878#breadcrumb"},"inLanguage":"pt-BR","potentialAction":[{"@type":"ReadAction","target":["https:\/\/finalbossgeek.com.br\/?p=878"]}]},{"@type":"ImageObject","inLanguage":"pt-BR","@id":"https:\/\/finalbossgeek.com.br\/?p=878#primaryimage","url":"https:\/\/finalbossgeek.com.br\/wp-content\/uploads\/2022\/10\/Formato-II.jpg","contentUrl":"https:\/\/finalbossgeek.com.br\/wp-content\/uploads\/2022\/10\/Formato-II.jpg","width":1008,"height":592},{"@type":"BreadcrumbList","@id":"https:\/\/finalbossgeek.com.br\/?p=878#breadcrumb","itemListElement":[{"@type":"ListItem","position":1,"name":"In\u00edcio","item":"https:\/\/finalbossgeek.com.br\/"},{"@type":"ListItem","position":2,"name":"Ap\u00f3s participar do Festival do Rio, filme \u201cCiclo\u201d, de Ian SBF, ser\u00e1 exibido na 46\u00aa Mostra Internacional de Cinema em S\u00e3o Paulo"}]},{"@type":"WebSite","@id":"https:\/\/finalbossgeek.com.br\/#website","url":"https:\/\/finalbossgeek.com.br\/","name":"Final Boss Geek","description":"&quot;A sua casa do entretenimento nerd&quot;","publisher":{"@id":"https:\/\/finalbossgeek.com.br\/#organization"},"potentialAction":[{"@type":"SearchAction","target":{"@type":"EntryPoint","urlTemplate":"https:\/\/finalbossgeek.com.br\/?s={search_term_string}"},"query-input":{"@type":"PropertyValueSpecification","valueRequired":true,"valueName":"search_term_string"}}],"inLanguage":"pt-BR"},{"@type":"Organization","@id":"https:\/\/finalbossgeek.com.br\/#organization","name":"Final Boss Geek","url":"https:\/\/finalbossgeek.com.br\/","logo":{"@type":"ImageObject","inLanguage":"pt-BR","@id":"https:\/\/finalbossgeek.com.br\/#\/schema\/logo\/image\/","url":"https:\/\/finalbossgeek.com.br\/wp-content\/uploads\/2026\/04\/cropped-Icone-Site-2.png","contentUrl":"https:\/\/finalbossgeek.com.br\/wp-content\/uploads\/2026\/04\/cropped-Icone-Site-2.png","width":512,"height":512,"caption":"Final Boss Geek"},"image":{"@id":"https:\/\/finalbossgeek.com.br\/#\/schema\/logo\/image\/"},"sameAs":["https:\/\/web.facebook.com\/FinalBossGeek","https:\/\/www.instagram.com\/finalbossgeek\/","https:\/\/www.twitch.tv\/finalbossgeek","https:\/\/www.linkedin.com\/company\/finalbossgeek\/?viewAsMember=true","https:\/\/www.tiktok.com\/@finalbossgeek"]},{"@type":"Person","@id":"https:\/\/finalbossgeek.com.br\/#\/schema\/person\/efefe4df9547729a54251a02081297cd","name":"FinalBossGeek","image":{"@type":"ImageObject","inLanguage":"pt-BR","@id":"https:\/\/secure.gravatar.com\/avatar\/d1422701180383085e7511b514ea162092d901bbcc4a2c798223f3078a0f1b01?s=96&d=mm&r=g","url":"https:\/\/secure.gravatar.com\/avatar\/d1422701180383085e7511b514ea162092d901bbcc4a2c798223f3078a0f1b01?s=96&d=mm&r=g","contentUrl":"https:\/\/secure.gravatar.com\/avatar\/d1422701180383085e7511b514ea162092d901bbcc4a2c798223f3078a0f1b01?s=96&d=mm&r=g","caption":"FinalBossGeek"},"sameAs":["http:\/\/finalbossgeek.com.br"],"url":"https:\/\/finalbossgeek.com.br\/?author=1"}]}},"_links":{"self":[{"href":"https:\/\/finalbossgeek.com.br\/index.php?rest_route=\/wp\/v2\/posts\/878","targetHints":{"allow":["GET"]}}],"collection":[{"href":"https:\/\/finalbossgeek.com.br\/index.php?rest_route=\/wp\/v2\/posts"}],"about":[{"href":"https:\/\/finalbossgeek.com.br\/index.php?rest_route=\/wp\/v2\/types\/post"}],"author":[{"embeddable":true,"href":"https:\/\/finalbossgeek.com.br\/index.php?rest_route=\/wp\/v2\/users\/1"}],"replies":[{"embeddable":true,"href":"https:\/\/finalbossgeek.com.br\/index.php?rest_route=%2Fwp%2Fv2%2Fcomments&post=878"}],"version-history":[{"count":1,"href":"https:\/\/finalbossgeek.com.br\/index.php?rest_route=\/wp\/v2\/posts\/878\/revisions"}],"predecessor-version":[{"id":882,"href":"https:\/\/finalbossgeek.com.br\/index.php?rest_route=\/wp\/v2\/posts\/878\/revisions\/882"}],"wp:featuredmedia":[{"embeddable":true,"href":"https:\/\/finalbossgeek.com.br\/index.php?rest_route=\/wp\/v2\/media\/879"}],"wp:attachment":[{"href":"https:\/\/finalbossgeek.com.br\/index.php?rest_route=%2Fwp%2Fv2%2Fmedia&parent=878"}],"wp:term":[{"taxonomy":"category","embeddable":true,"href":"https:\/\/finalbossgeek.com.br\/index.php?rest_route=%2Fwp%2Fv2%2Fcategories&post=878"},{"taxonomy":"post_tag","embeddable":true,"href":"https:\/\/finalbossgeek.com.br\/index.php?rest_route=%2Fwp%2Fv2%2Ftags&post=878"}],"curies":[{"name":"wp","href":"https:\/\/api.w.org\/{rel}","templated":true}]}}