{"id":6685,"date":"2025-09-13T10:04:00","date_gmt":"2025-09-13T10:04:00","guid":{"rendered":"https:\/\/finalbossgeek.com.br\/?p=6685"},"modified":"2025-09-05T20:37:19","modified_gmt":"2025-09-05T20:37:19","slug":"a-propria-carne-terror-produzido-pelo-jovem-nerd-tera-premiere-no-festival-do-rio","status":"publish","type":"post","link":"https:\/\/finalbossgeek.com.br\/?p=6685","title":{"rendered":"\u201cA Pr\u00f3pria Carne\u201d, terror produzido pelo Jovem Nerd, ter\u00e1 premi\u00e8re no Festival do Rio"},"content":{"rendered":"\n<p class=\"has-text-align-center\"><em>Filme dirigido por Ian SBF estreia na mostra \u201cPremiere Brasil \u00e0 Meia-Noite\u201d e j\u00e1 chama aten\u00e7\u00e3o pelo enredo hist\u00f3rico e atmosfera perturbadora.<\/em><\/p>\n\n\n\n<p>O cinema de g\u00eanero brasileiro ganha mais um representante de peso em 2025: <strong>\u201cA Pr\u00f3pria Carne\u201d<\/strong>, longa-metragem de terror produzido por <strong>Deive Pazos e Alexandre Ottoni<\/strong>, fundadores do <strong>Jovem Nerd<\/strong>, ter\u00e1 sua primeira exibi\u00e7\u00e3o no <strong>Festival do Rio<\/strong>, entre os dias <strong>2 e 12 de outubro<\/strong>. A obra integra a mostra <strong>\u201cPremiere Brasil \u00e0 Meia-Noite\u201d<\/strong>, espa\u00e7o reservado a t\u00edtulos ousados, provocativos e de linguagem alternativa, que frequentemente conquistam status de cult.<\/p>\n\n\n\n<figure class=\"wp-block-embed aligncenter is-type-video is-provider-youtube wp-block-embed-youtube wp-embed-aspect-16-9 wp-has-aspect-ratio\"><div class=\"wp-block-embed__wrapper\">\n<iframe loading=\"lazy\" title=\"A Pr\u00f3pria Carne | Trailer Oficial\" width=\"640\" height=\"360\" src=\"https:\/\/www.youtube.com\/embed\/qg5ibXsMG9Y?feature=oembed\" frameborder=\"0\" allow=\"accelerometer; autoplay; clipboard-write; encrypted-media; gyroscope; picture-in-picture; web-share\" referrerpolicy=\"strict-origin-when-cross-origin\" allowfullscreen><\/iframe>\n<\/div><\/figure>\n\n\n\n<p>O longa \u00e9 dirigido por <strong>Ian SBF<\/strong>, cineasta conhecido por trabalhos como <em>Entre Abelhas<\/em> e esquetes do Porta dos Fundos. A produ\u00e7\u00e3o \u00e9 assinada pela <strong>Nonsense Creations<\/strong> e <strong>Neebla<\/strong>, e marca mais uma incurs\u00e3o dos criadores do Jovem Nerd no audiovisual, agora em um g\u00eanero pouco explorado no Brasil com esta abordagem hist\u00f3rica e sombria.<\/p>\n\n\n\n<h3 class=\"wp-block-heading\">Enredo<\/h3>\n\n\n\n<div class=\"wp-block-group is-nowrap is-layout-flex wp-container-core-group-is-layout-ad2f72ca wp-block-group-is-layout-flex\">\n<figure class=\"wp-block-image size-large\"><img  title=\"\" loading=\"lazy\" decoding=\"async\" width=\"708\" height=\"1024\" src=\"https:\/\/finalbossgeek.com.br\/wp-content\/uploads\/2025\/09\/Poster-1_A-Propria-Carne-708x1024.jpg\"  alt=\"Poster-1_A-Propria-Carne-708x1024 \u201cA Pr\u00f3pria Carne\u201d, terror produzido pelo Jovem Nerd, ter\u00e1 premi\u00e8re no Festival do Rio\"  class=\"wp-image-6687\" srcset=\"https:\/\/finalbossgeek.com.br\/wp-content\/uploads\/2025\/09\/Poster-1_A-Propria-Carne-708x1024.jpg 708w, https:\/\/finalbossgeek.com.br\/wp-content\/uploads\/2025\/09\/Poster-1_A-Propria-Carne-207x300.jpg 207w, https:\/\/finalbossgeek.com.br\/wp-content\/uploads\/2025\/09\/Poster-1_A-Propria-Carne-768x1110.jpg 768w, https:\/\/finalbossgeek.com.br\/wp-content\/uploads\/2025\/09\/Poster-1_A-Propria-Carne-1062x1536.jpg 1062w, https:\/\/finalbossgeek.com.br\/wp-content\/uploads\/2025\/09\/Poster-1_A-Propria-Carne-1417x2048.jpg 1417w, https:\/\/finalbossgeek.com.br\/wp-content\/uploads\/2025\/09\/Poster-1_A-Propria-Carne-scaled.jpg 1771w\" sizes=\"auto, (max-width: 708px) 100vw, 708px\" \/><\/figure>\n\n\n\n<p>Ambientado em <strong>1870, durante os \u00faltimos anos da Guerra do Paraguai<\/strong>, o filme acompanha tr\u00eas soldados desertores que buscam abrigo em uma casa isolada no meio da floresta, na regi\u00e3o de fronteira. O aparente ref\u00fagio, por\u00e9m, logo se revela um pesadelo: o local \u00e9 habitado por um fazendeiro enigm\u00e1tico e por uma jovem de passado misterioso. Conforme os desertores permanecem no local, descobrem segredos grotescos que os colocam diante de horrores ainda mais intensos do que os da pr\u00f3pria guerra.<\/p>\n<\/div>\n\n\n\n<h3 class=\"wp-block-heading\">Elenco e personagens<\/h3>\n\n\n\n<ul class=\"wp-block-list\">\n<li><strong>Luiz Carlos Persy<\/strong> \u2013 Fazendeiro<\/li>\n\n\n\n<li><strong>Jorge Guerreiro<\/strong> \u2013 Gustavo<\/li>\n\n\n\n<li><strong>Jade Mascarenhas<\/strong> \u2013 Jovem misteriosa<\/li>\n\n\n\n<li><strong>George Sauma<\/strong> \u2013 Anselmo<\/li>\n\n\n\n<li><strong>Pierri Baitelli<\/strong> \u2013 Gabriel<\/li>\n<\/ul>\n\n\n\n<p>A fotografia \u00e9 assinada por <strong>Vinicius Brum<\/strong>, enquanto a dire\u00e7\u00e3o de arte ficou a cargo de <strong>Martino Piccinini<\/strong>, que recria com min\u00facia a atmosfera sufocante da \u00e9poca.<\/p>\n\n\n\n<h3 class=\"wp-block-heading\">Roteiro e bastidores<\/h3>\n\n\n\n<p>O roteiro foi escrito por <strong>Ian SBF<\/strong>, <strong>Alexandre Ottoni<\/strong> e <strong>Deive Pazos<\/strong>, com colabora\u00e7\u00e3o de <strong>Leonel Caldela<\/strong>, autor consagrado da literatura fant\u00e1stica e de RPG no Brasil. As filmagens aconteceram em <strong>Farroupilha (RS)<\/strong>, cen\u00e1rio que trouxe autenticidade \u00e0 narrativa de \u00e9poca.<\/p>\n\n\n\n<h3 class=\"wp-block-heading\">Estreia e turn\u00ea<\/h3>\n\n\n\n<p>Ap\u00f3s a premi\u00e8re no Festival do Rio, o filme seguir\u00e1 em uma <strong>turn\u00ea especial por seis capitais brasileiras<\/strong> \u2014 Recife, Salvador, Bras\u00edlia, Belo Horizonte, Porto Alegre e S\u00e3o Paulo \u2014 com sess\u00f5es acompanhadas pela equipe criativa. O lan\u00e7amento nacional est\u00e1 marcado para <strong>30 de outubro<\/strong>, exclusivamente nos cinemas da rede <strong>Cinemark<\/strong>, consolidando a aposta em uma distribui\u00e7\u00e3o diferenciada.<\/p>\n\n\n\n<h3 class=\"wp-block-heading\">Um terror hist\u00f3rico brasileiro<\/h3>\n\n\n\n<p>Combinando <strong>horror, hist\u00f3ria e cr\u00edtica social<\/strong>, <em>A Pr\u00f3pria Carne<\/em> busca inserir o cinema de terror brasileiro no circuito internacional, explorando um dos per\u00edodos mais violentos da Am\u00e9rica do Sul sob uma lente perturbadora. A expectativa \u00e9 que o longa conquiste f\u00e3s do g\u00eanero, unindo elementos tradicionais do terror psicol\u00f3gico a uma ambienta\u00e7\u00e3o hist\u00f3rica rara no audiovisual nacional.<\/p>\n","protected":false},"excerpt":{"rendered":"<p>Filme dirigido por Ian SBF estreia na mostra \u201cPremiere Brasil \u00e0 Meia-Noite\u201d e j\u00e1 chama aten\u00e7\u00e3o pelo enredo hist\u00f3rico e atmosfera perturbadora. O cinema de g\u00eanero brasileiro ganha mais um representante de peso em 2025: \u201cA Pr\u00f3pria Carne\u201d, longa-metragem de terror produzido por Deive Pazos e Alexandre Ottoni, fundadores do Jovem Nerd, ter\u00e1 sua primeira [&hellip;]<\/p>\n","protected":false},"author":1,"featured_media":6686,"comment_status":"open","ping_status":"open","sticky":false,"template":"","format":"standard","meta":{"footnotes":""},"categories":[7,55],"tags":[],"class_list":["post-6685","post","type-post","status-publish","format-standard","has-post-thumbnail","hentry","category-boss-noticias","category-filmes"],"yoast_head":"<!-- This site is optimized with the Yoast SEO plugin v27.4 - https:\/\/yoast.com\/product\/yoast-seo-wordpress\/ -->\n<title>\u201cA Pr\u00f3pria Carne\u201d, terror produzido pelo Jovem Nerd, ter\u00e1 premi\u00e8re<\/title>\n<meta name=\"description\" content=\"Filme dirigido por Ian SBF estreia na mostra \u201cPremiere Brasil \u00e0 Meia-Noite\u201d e j\u00e1 chama aten\u00e7\u00e3o pelo enredo hist\u00f3rico e atmosfera perturbadora.\" \/>\n<meta name=\"robots\" content=\"index, follow, max-snippet:-1, max-image-preview:large, max-video-preview:-1\" \/>\n<link rel=\"canonical\" href=\"https:\/\/finalbossgeek.com.br\/?p=6685\" \/>\n<meta property=\"og:locale\" content=\"pt_BR\" \/>\n<meta property=\"og:type\" content=\"article\" \/>\n<meta property=\"og:title\" content=\"\u201cA Pr\u00f3pria Carne\u201d, terror produzido pelo Jovem Nerd, ter\u00e1 premi\u00e8re\" \/>\n<meta property=\"og:description\" content=\"Filme dirigido por Ian SBF estreia na mostra \u201cPremiere Brasil \u00e0 Meia-Noite\u201d e j\u00e1 chama aten\u00e7\u00e3o pelo enredo hist\u00f3rico e atmosfera perturbadora.\" \/>\n<meta property=\"og:url\" content=\"https:\/\/finalbossgeek.com.br\/?p=6685\" \/>\n<meta property=\"og:site_name\" content=\"Final Boss Geek\" \/>\n<meta property=\"article:publisher\" content=\"https:\/\/web.facebook.com\/FinalBossGeek\" \/>\n<meta property=\"article:published_time\" content=\"2025-09-13T10:04:00+00:00\" \/>\n<meta property=\"og:image\" content=\"https:\/\/finalbossgeek.com.br\/wp-content\/uploads\/2025\/09\/Captura-de-tela-2025-09-05-170715.jpg\" \/>\n\t<meta property=\"og:image:width\" content=\"1874\" \/>\n\t<meta property=\"og:image:height\" content=\"785\" \/>\n\t<meta property=\"og:image:type\" content=\"image\/jpeg\" \/>\n<meta name=\"author\" content=\"FinalBossGeek\" \/>\n<meta name=\"twitter:card\" content=\"summary_large_image\" \/>\n<meta name=\"twitter:label1\" content=\"Escrito por\" \/>\n\t<meta name=\"twitter:data1\" content=\"FinalBossGeek\" \/>\n\t<meta name=\"twitter:label2\" content=\"Est. tempo de leitura\" \/>\n\t<meta name=\"twitter:data2\" content=\"3 minutos\" \/>\n<script type=\"application\/ld+json\" class=\"yoast-schema-graph\">{\"@context\":\"https:\\\/\\\/schema.org\",\"@graph\":[{\"@type\":\"Article\",\"@id\":\"https:\\\/\\\/finalbossgeek.com.br\\\/?p=6685#article\",\"isPartOf\":{\"@id\":\"https:\\\/\\\/finalbossgeek.com.br\\\/?p=6685\"},\"author\":{\"name\":\"FinalBossGeek\",\"@id\":\"https:\\\/\\\/finalbossgeek.com.br\\\/#\\\/schema\\\/person\\\/efefe4df9547729a54251a02081297cd\"},\"headline\":\"\u201cA Pr\u00f3pria Carne\u201d, terror produzido pelo Jovem Nerd, ter\u00e1 premi\u00e8re no Festival do Rio\",\"datePublished\":\"2025-09-13T10:04:00+00:00\",\"mainEntityOfPage\":{\"@id\":\"https:\\\/\\\/finalbossgeek.com.br\\\/?p=6685\"},\"wordCount\":489,\"commentCount\":0,\"publisher\":{\"@id\":\"https:\\\/\\\/finalbossgeek.com.br\\\/#organization\"},\"image\":{\"@id\":\"https:\\\/\\\/finalbossgeek.com.br\\\/?p=6685#primaryimage\"},\"thumbnailUrl\":\"https:\\\/\\\/finalbossgeek.com.br\\\/wp-content\\\/uploads\\\/2025\\\/09\\\/Captura-de-tela-2025-09-05-170715.jpg\",\"articleSection\":[\"BossNot\u00edcias\",\"Filmes\"],\"inLanguage\":\"pt-BR\",\"potentialAction\":[{\"@type\":\"CommentAction\",\"name\":\"Comment\",\"target\":[\"https:\\\/\\\/finalbossgeek.com.br\\\/?p=6685#respond\"]}]},{\"@type\":\"WebPage\",\"@id\":\"https:\\\/\\\/finalbossgeek.com.br\\\/?p=6685\",\"url\":\"https:\\\/\\\/finalbossgeek.com.br\\\/?p=6685\",\"name\":\"\u201cA Pr\u00f3pria Carne\u201d, terror produzido pelo Jovem Nerd, ter\u00e1 premi\u00e8re\",\"isPartOf\":{\"@id\":\"https:\\\/\\\/finalbossgeek.com.br\\\/#website\"},\"primaryImageOfPage\":{\"@id\":\"https:\\\/\\\/finalbossgeek.com.br\\\/?p=6685#primaryimage\"},\"image\":{\"@id\":\"https:\\\/\\\/finalbossgeek.com.br\\\/?p=6685#primaryimage\"},\"thumbnailUrl\":\"https:\\\/\\\/finalbossgeek.com.br\\\/wp-content\\\/uploads\\\/2025\\\/09\\\/Captura-de-tela-2025-09-05-170715.jpg\",\"datePublished\":\"2025-09-13T10:04:00+00:00\",\"description\":\"Filme dirigido por Ian SBF estreia na mostra \u201cPremiere Brasil \u00e0 Meia-Noite\u201d e j\u00e1 chama aten\u00e7\u00e3o pelo enredo hist\u00f3rico e atmosfera perturbadora.\",\"breadcrumb\":{\"@id\":\"https:\\\/\\\/finalbossgeek.com.br\\\/?p=6685#breadcrumb\"},\"inLanguage\":\"pt-BR\",\"potentialAction\":[{\"@type\":\"ReadAction\",\"target\":[\"https:\\\/\\\/finalbossgeek.com.br\\\/?p=6685\"]}]},{\"@type\":\"ImageObject\",\"inLanguage\":\"pt-BR\",\"@id\":\"https:\\\/\\\/finalbossgeek.com.br\\\/?p=6685#primaryimage\",\"url\":\"https:\\\/\\\/finalbossgeek.com.br\\\/wp-content\\\/uploads\\\/2025\\\/09\\\/Captura-de-tela-2025-09-05-170715.jpg\",\"contentUrl\":\"https:\\\/\\\/finalbossgeek.com.br\\\/wp-content\\\/uploads\\\/2025\\\/09\\\/Captura-de-tela-2025-09-05-170715.jpg\",\"width\":1874,\"height\":785},{\"@type\":\"BreadcrumbList\",\"@id\":\"https:\\\/\\\/finalbossgeek.com.br\\\/?p=6685#breadcrumb\",\"itemListElement\":[{\"@type\":\"ListItem\",\"position\":1,\"name\":\"In\u00edcio\",\"item\":\"https:\\\/\\\/finalbossgeek.com.br\\\/\"},{\"@type\":\"ListItem\",\"position\":2,\"name\":\"\u201cA Pr\u00f3pria Carne\u201d, terror produzido pelo Jovem Nerd, ter\u00e1 premi\u00e8re no Festival do Rio\"}]},{\"@type\":\"WebSite\",\"@id\":\"https:\\\/\\\/finalbossgeek.com.br\\\/#website\",\"url\":\"https:\\\/\\\/finalbossgeek.com.br\\\/\",\"name\":\"Final Boss Geek\",\"description\":\"&quot;A sua casa do entretenimento nerd&quot;\",\"publisher\":{\"@id\":\"https:\\\/\\\/finalbossgeek.com.br\\\/#organization\"},\"potentialAction\":[{\"@type\":\"SearchAction\",\"target\":{\"@type\":\"EntryPoint\",\"urlTemplate\":\"https:\\\/\\\/finalbossgeek.com.br\\\/?s={search_term_string}\"},\"query-input\":{\"@type\":\"PropertyValueSpecification\",\"valueRequired\":true,\"valueName\":\"search_term_string\"}}],\"inLanguage\":\"pt-BR\"},{\"@type\":\"Organization\",\"@id\":\"https:\\\/\\\/finalbossgeek.com.br\\\/#organization\",\"name\":\"Final Boss Geek\",\"url\":\"https:\\\/\\\/finalbossgeek.com.br\\\/\",\"logo\":{\"@type\":\"ImageObject\",\"inLanguage\":\"pt-BR\",\"@id\":\"https:\\\/\\\/finalbossgeek.com.br\\\/#\\\/schema\\\/logo\\\/image\\\/\",\"url\":\"https:\\\/\\\/finalbossgeek.com.br\\\/wp-content\\\/uploads\\\/2026\\\/04\\\/cropped-Icone-Site-2.png\",\"contentUrl\":\"https:\\\/\\\/finalbossgeek.com.br\\\/wp-content\\\/uploads\\\/2026\\\/04\\\/cropped-Icone-Site-2.png\",\"width\":512,\"height\":512,\"caption\":\"Final Boss Geek\"},\"image\":{\"@id\":\"https:\\\/\\\/finalbossgeek.com.br\\\/#\\\/schema\\\/logo\\\/image\\\/\"},\"sameAs\":[\"https:\\\/\\\/web.facebook.com\\\/FinalBossGeek\",\"https:\\\/\\\/www.instagram.com\\\/finalbossgeek\\\/\",\"https:\\\/\\\/www.twitch.tv\\\/finalbossgeek\",\"https:\\\/\\\/www.linkedin.com\\\/company\\\/finalbossgeek\\\/?viewAsMember=true\",\"https:\\\/\\\/www.tiktok.com\\\/@finalbossgeek\"]},{\"@type\":\"Person\",\"@id\":\"https:\\\/\\\/finalbossgeek.com.br\\\/#\\\/schema\\\/person\\\/efefe4df9547729a54251a02081297cd\",\"name\":\"FinalBossGeek\",\"image\":{\"@type\":\"ImageObject\",\"inLanguage\":\"pt-BR\",\"@id\":\"https:\\\/\\\/secure.gravatar.com\\\/avatar\\\/d1422701180383085e7511b514ea162092d901bbcc4a2c798223f3078a0f1b01?s=96&d=mm&r=g\",\"url\":\"https:\\\/\\\/secure.gravatar.com\\\/avatar\\\/d1422701180383085e7511b514ea162092d901bbcc4a2c798223f3078a0f1b01?s=96&d=mm&r=g\",\"contentUrl\":\"https:\\\/\\\/secure.gravatar.com\\\/avatar\\\/d1422701180383085e7511b514ea162092d901bbcc4a2c798223f3078a0f1b01?s=96&d=mm&r=g\",\"caption\":\"FinalBossGeek\"},\"sameAs\":[\"http:\\\/\\\/finalbossgeek.com.br\"],\"url\":\"https:\\\/\\\/finalbossgeek.com.br\\\/?author=1\"}]}<\/script>\n<!-- \/ Yoast SEO plugin. -->","yoast_head_json":{"title":"\u201cA Pr\u00f3pria Carne\u201d, terror produzido pelo Jovem Nerd, ter\u00e1 premi\u00e8re","description":"Filme dirigido por Ian SBF estreia na mostra \u201cPremiere Brasil \u00e0 Meia-Noite\u201d e j\u00e1 chama aten\u00e7\u00e3o pelo enredo hist\u00f3rico e atmosfera perturbadora.","robots":{"index":"index","follow":"follow","max-snippet":"max-snippet:-1","max-image-preview":"max-image-preview:large","max-video-preview":"max-video-preview:-1"},"canonical":"https:\/\/finalbossgeek.com.br\/?p=6685","og_locale":"pt_BR","og_type":"article","og_title":"\u201cA Pr\u00f3pria Carne\u201d, terror produzido pelo Jovem Nerd, ter\u00e1 premi\u00e8re","og_description":"Filme dirigido por Ian SBF estreia na mostra \u201cPremiere Brasil \u00e0 Meia-Noite\u201d e j\u00e1 chama aten\u00e7\u00e3o pelo enredo hist\u00f3rico e atmosfera perturbadora.","og_url":"https:\/\/finalbossgeek.com.br\/?p=6685","og_site_name":"Final Boss Geek","article_publisher":"https:\/\/web.facebook.com\/FinalBossGeek","article_published_time":"2025-09-13T10:04:00+00:00","og_image":[{"width":1874,"height":785,"url":"https:\/\/finalbossgeek.com.br\/wp-content\/uploads\/2025\/09\/Captura-de-tela-2025-09-05-170715.jpg","type":"image\/jpeg"}],"author":"FinalBossGeek","twitter_card":"summary_large_image","twitter_misc":{"Escrito por":"FinalBossGeek","Est. tempo de leitura":"3 minutos"},"schema":{"@context":"https:\/\/schema.org","@graph":[{"@type":"Article","@id":"https:\/\/finalbossgeek.com.br\/?p=6685#article","isPartOf":{"@id":"https:\/\/finalbossgeek.com.br\/?p=6685"},"author":{"name":"FinalBossGeek","@id":"https:\/\/finalbossgeek.com.br\/#\/schema\/person\/efefe4df9547729a54251a02081297cd"},"headline":"\u201cA Pr\u00f3pria Carne\u201d, terror produzido pelo Jovem Nerd, ter\u00e1 premi\u00e8re no Festival do Rio","datePublished":"2025-09-13T10:04:00+00:00","mainEntityOfPage":{"@id":"https:\/\/finalbossgeek.com.br\/?p=6685"},"wordCount":489,"commentCount":0,"publisher":{"@id":"https:\/\/finalbossgeek.com.br\/#organization"},"image":{"@id":"https:\/\/finalbossgeek.com.br\/?p=6685#primaryimage"},"thumbnailUrl":"https:\/\/finalbossgeek.com.br\/wp-content\/uploads\/2025\/09\/Captura-de-tela-2025-09-05-170715.jpg","articleSection":["BossNot\u00edcias","Filmes"],"inLanguage":"pt-BR","potentialAction":[{"@type":"CommentAction","name":"Comment","target":["https:\/\/finalbossgeek.com.br\/?p=6685#respond"]}]},{"@type":"WebPage","@id":"https:\/\/finalbossgeek.com.br\/?p=6685","url":"https:\/\/finalbossgeek.com.br\/?p=6685","name":"\u201cA Pr\u00f3pria Carne\u201d, terror produzido pelo Jovem Nerd, ter\u00e1 premi\u00e8re","isPartOf":{"@id":"https:\/\/finalbossgeek.com.br\/#website"},"primaryImageOfPage":{"@id":"https:\/\/finalbossgeek.com.br\/?p=6685#primaryimage"},"image":{"@id":"https:\/\/finalbossgeek.com.br\/?p=6685#primaryimage"},"thumbnailUrl":"https:\/\/finalbossgeek.com.br\/wp-content\/uploads\/2025\/09\/Captura-de-tela-2025-09-05-170715.jpg","datePublished":"2025-09-13T10:04:00+00:00","description":"Filme dirigido por Ian SBF estreia na mostra \u201cPremiere Brasil \u00e0 Meia-Noite\u201d e j\u00e1 chama aten\u00e7\u00e3o pelo enredo hist\u00f3rico e atmosfera perturbadora.","breadcrumb":{"@id":"https:\/\/finalbossgeek.com.br\/?p=6685#breadcrumb"},"inLanguage":"pt-BR","potentialAction":[{"@type":"ReadAction","target":["https:\/\/finalbossgeek.com.br\/?p=6685"]}]},{"@type":"ImageObject","inLanguage":"pt-BR","@id":"https:\/\/finalbossgeek.com.br\/?p=6685#primaryimage","url":"https:\/\/finalbossgeek.com.br\/wp-content\/uploads\/2025\/09\/Captura-de-tela-2025-09-05-170715.jpg","contentUrl":"https:\/\/finalbossgeek.com.br\/wp-content\/uploads\/2025\/09\/Captura-de-tela-2025-09-05-170715.jpg","width":1874,"height":785},{"@type":"BreadcrumbList","@id":"https:\/\/finalbossgeek.com.br\/?p=6685#breadcrumb","itemListElement":[{"@type":"ListItem","position":1,"name":"In\u00edcio","item":"https:\/\/finalbossgeek.com.br\/"},{"@type":"ListItem","position":2,"name":"\u201cA Pr\u00f3pria Carne\u201d, terror produzido pelo Jovem Nerd, ter\u00e1 premi\u00e8re no Festival do Rio"}]},{"@type":"WebSite","@id":"https:\/\/finalbossgeek.com.br\/#website","url":"https:\/\/finalbossgeek.com.br\/","name":"Final Boss Geek","description":"&quot;A sua casa do entretenimento nerd&quot;","publisher":{"@id":"https:\/\/finalbossgeek.com.br\/#organization"},"potentialAction":[{"@type":"SearchAction","target":{"@type":"EntryPoint","urlTemplate":"https:\/\/finalbossgeek.com.br\/?s={search_term_string}"},"query-input":{"@type":"PropertyValueSpecification","valueRequired":true,"valueName":"search_term_string"}}],"inLanguage":"pt-BR"},{"@type":"Organization","@id":"https:\/\/finalbossgeek.com.br\/#organization","name":"Final Boss Geek","url":"https:\/\/finalbossgeek.com.br\/","logo":{"@type":"ImageObject","inLanguage":"pt-BR","@id":"https:\/\/finalbossgeek.com.br\/#\/schema\/logo\/image\/","url":"https:\/\/finalbossgeek.com.br\/wp-content\/uploads\/2026\/04\/cropped-Icone-Site-2.png","contentUrl":"https:\/\/finalbossgeek.com.br\/wp-content\/uploads\/2026\/04\/cropped-Icone-Site-2.png","width":512,"height":512,"caption":"Final Boss Geek"},"image":{"@id":"https:\/\/finalbossgeek.com.br\/#\/schema\/logo\/image\/"},"sameAs":["https:\/\/web.facebook.com\/FinalBossGeek","https:\/\/www.instagram.com\/finalbossgeek\/","https:\/\/www.twitch.tv\/finalbossgeek","https:\/\/www.linkedin.com\/company\/finalbossgeek\/?viewAsMember=true","https:\/\/www.tiktok.com\/@finalbossgeek"]},{"@type":"Person","@id":"https:\/\/finalbossgeek.com.br\/#\/schema\/person\/efefe4df9547729a54251a02081297cd","name":"FinalBossGeek","image":{"@type":"ImageObject","inLanguage":"pt-BR","@id":"https:\/\/secure.gravatar.com\/avatar\/d1422701180383085e7511b514ea162092d901bbcc4a2c798223f3078a0f1b01?s=96&d=mm&r=g","url":"https:\/\/secure.gravatar.com\/avatar\/d1422701180383085e7511b514ea162092d901bbcc4a2c798223f3078a0f1b01?s=96&d=mm&r=g","contentUrl":"https:\/\/secure.gravatar.com\/avatar\/d1422701180383085e7511b514ea162092d901bbcc4a2c798223f3078a0f1b01?s=96&d=mm&r=g","caption":"FinalBossGeek"},"sameAs":["http:\/\/finalbossgeek.com.br"],"url":"https:\/\/finalbossgeek.com.br\/?author=1"}]}},"_links":{"self":[{"href":"https:\/\/finalbossgeek.com.br\/index.php?rest_route=\/wp\/v2\/posts\/6685","targetHints":{"allow":["GET"]}}],"collection":[{"href":"https:\/\/finalbossgeek.com.br\/index.php?rest_route=\/wp\/v2\/posts"}],"about":[{"href":"https:\/\/finalbossgeek.com.br\/index.php?rest_route=\/wp\/v2\/types\/post"}],"author":[{"embeddable":true,"href":"https:\/\/finalbossgeek.com.br\/index.php?rest_route=\/wp\/v2\/users\/1"}],"replies":[{"embeddable":true,"href":"https:\/\/finalbossgeek.com.br\/index.php?rest_route=%2Fwp%2Fv2%2Fcomments&post=6685"}],"version-history":[{"count":2,"href":"https:\/\/finalbossgeek.com.br\/index.php?rest_route=\/wp\/v2\/posts\/6685\/revisions"}],"predecessor-version":[{"id":6689,"href":"https:\/\/finalbossgeek.com.br\/index.php?rest_route=\/wp\/v2\/posts\/6685\/revisions\/6689"}],"wp:featuredmedia":[{"embeddable":true,"href":"https:\/\/finalbossgeek.com.br\/index.php?rest_route=\/wp\/v2\/media\/6686"}],"wp:attachment":[{"href":"https:\/\/finalbossgeek.com.br\/index.php?rest_route=%2Fwp%2Fv2%2Fmedia&parent=6685"}],"wp:term":[{"taxonomy":"category","embeddable":true,"href":"https:\/\/finalbossgeek.com.br\/index.php?rest_route=%2Fwp%2Fv2%2Fcategories&post=6685"},{"taxonomy":"post_tag","embeddable":true,"href":"https:\/\/finalbossgeek.com.br\/index.php?rest_route=%2Fwp%2Fv2%2Ftags&post=6685"}],"curies":[{"name":"wp","href":"https:\/\/api.w.org\/{rel}","templated":true}]}}