{"id":6444,"date":"2025-07-21T14:50:08","date_gmt":"2025-07-21T14:50:08","guid":{"rendered":"https:\/\/finalbossgeek.com.br\/?p=6444"},"modified":"2025-07-21T14:50:15","modified_gmt":"2025-07-21T14:50:15","slug":"taina-e-os-guardioes-da-amazonia-em-busca-da-flecha-azul-faz-premiere-no-festival-sul-americano-de-bonito-antes-de-chegar-aos-cinemas-em-novembro","status":"publish","type":"post","link":"https:\/\/finalbossgeek.com.br\/?p=6444","title":{"rendered":"Tain\u00e1 e os Guardi\u00f5es da Amaz\u00f4nia \u2013 Em Busca da Flecha Azul faz premi\u00e8re no Festival Sul-Americano de Bonito antes de chegar aos cinemas em novembro"},"content":{"rendered":"\n<p class=\"has-text-align-center\"><em>Longa de anima\u00e7\u00e3o brasileiro apresenta a origem da guardi\u00e3 ind\u00edgena e de seus amigos animais; estreia comercial acontece em 20 de novembro com distribui\u00e7\u00e3o da Paris Filmes e codistribui\u00e7\u00e3o da RioFilme.<\/em><\/p>\n\n\n\n<p>A floresta chama \u2014 e Tain\u00e1 atende. <strong>\u201cTain\u00e1 e os Guardi\u00f5es da Amaz\u00f4nia \u2013 Em Busca da Flecha Azul\u201d<\/strong>, novo longa de anima\u00e7\u00e3o inspirado na adorada personagem que marcou gera\u00e7\u00f5es de crian\u00e7as brasileiras nos anos 2000, ter\u00e1 sua <strong>primeira exibi\u00e7\u00e3o p\u00fablica no 3\u00ba Festival Sul-Americano de Bonito \u2013 Cinesur<\/strong>, dentro da <strong>Mostra Paralela Sess\u00f5es Infantojuvenis<\/strong>, realizada de <strong>25 de julho a 2 de agosto de 2025<\/strong>, em <strong>Bonito, Mato Grosso do Sul<\/strong>. A estreia nacional nos cinemas est\u00e1 marcada para <strong>20 de novembro de 2025<\/strong>.<\/p>\n\n\n\n<p>Dirigido em dupla por <strong>Al\u00ea Camargo<\/strong> e <strong>Jordan Nugem<\/strong>, com <strong>roteiro de Gustavo Colombo<\/strong> (a partir de argumento dele e de <strong>Rafael Campos Rocha<\/strong>), o longa combina aventura, fantasia ecol\u00f3gica, humor e representatividade ind\u00edgena ao acompanhar a jornada de forma\u00e7\u00e3o da jovem hero\u00edna rumo ao t\u00edtulo de Guardi\u00e3 da Amaz\u00f4nia.<\/p>\n\n\n\n<hr class=\"wp-block-separator has-alpha-channel-opacity\"\/>\n\n\n\n<h3 class=\"wp-block-heading\">\ud83c\udf3f A trama: forma\u00e7\u00e3o de uma guardi\u00e3 e o chamado da floresta<\/h3>\n\n\n\n<p>Na hist\u00f3ria, <strong>Tain\u00e1<\/strong> (voz de <strong>Juliana Nascimento<\/strong>) est\u00e1 em treinamento com a s\u00e1bia e ancestral <strong>Mestra A\u00ed<\/strong>, uma bicho-pregui\u00e7a espiritualizada dublada por <strong>Faf\u00e1 de Bel\u00e9m<\/strong>. Durante o processo, o grupo perde um artefato sagrado \u2014 a <strong>Flecha Azul<\/strong> \u2014 objeto m\u00edstico que orienta aqueles destinados a proteger a floresta. Sem o amuleto, o futuro de Tain\u00e1 como Guardi\u00e3 fica em risco.<\/p>\n\n\n\n<p>Para recuper\u00e1-lo, ela parte em miss\u00e3o e, ao longo do caminho, conhece os que se tornar\u00e3o seus companheiros insepar\u00e1veis: <strong>Catu<\/strong> (Caio Guarnieri), um macaquinho levado e cheio de artimanhas; <strong>Pepe<\/strong> (Yuri Chesman), o urubu-rei s\u00e1bio e observador; e a delicada e destemida <strong>Suri<\/strong> (Laura Chasseraux), uma ouricinha de cora\u00e7\u00e3o gigante. Unidos, eles formam os primeiros <strong>Guardi\u00f5es da Amaz\u00f4nia<\/strong> \u2014 e precisam impedir que o tem\u00edvel <strong>Jurupari<\/strong> dissemine fogo e destrui\u00e7\u00e3o pela floresta.<\/p>\n\n\n\n<hr class=\"wp-block-separator has-alpha-channel-opacity\"\/>\n\n\n\n<h3 class=\"wp-block-heading\">\ud83c\udf43 Um legado que atravessa gera\u00e7\u00f5es<\/h3>\n\n\n\n<p>A personagem <strong>Tain\u00e1<\/strong> nasceu no cinema em uma trilogia live-action exibida nas telonas nos anos 2000, levando milh\u00f5es de crian\u00e7as aos cinemas e ampliando o debate sobre a Amaz\u00f4nia, povos origin\u00e1rios e cuidado com a natureza. O universo cresceu: vieram <strong>uma s\u00e9rie animada de TV<\/strong> (cujo conte\u00fado acumulou <strong>mais de 20 milh\u00f5es de visualiza\u00e7\u00f5es no YouTube<\/strong>), <strong>um curta<\/strong>, <strong>livros infantis<\/strong> e <strong>quadrinhos<\/strong>.<\/p>\n\n\n\n<p>O novo longa animado se passa <strong>no mesmo universo da s\u00e9rie<\/strong> e funciona como <strong>hist\u00f3ria de origem<\/strong>: revela como Tain\u00e1 conheceu Catu, Pepe e Suri e como esse grupo improv\u00e1vel se uniu em torno da miss\u00e3o de defender a floresta. Para f\u00e3s antigos, \u00e9 nostalgia; para crian\u00e7as que est\u00e3o chegando agora, \u00e9 porta de entrada.<\/p>\n\n\n\n<hr class=\"wp-block-separator has-alpha-channel-opacity\"\/>\n\n\n\n<h3 class=\"wp-block-heading\">\ud83c\udfac Produ\u00e7\u00e3o coletiva e ecossistema audiovisual brasileiro<\/h3>\n\n\n\n<p>\u201cTain\u00e1 e os Guardi\u00f5es da Amaz\u00f4nia \u2013 Em Busca da Flecha Azul\u201d \u00e9 uma produ\u00e7\u00e3o da <strong>Sincrocine Produ\u00e7\u00f5es<\/strong> com <strong>coprodu\u00e7\u00e3o de Tiet\u00ea Produ\u00e7\u00f5es, Hype Animation, Brisa Filmes, Claro e RioFilme<\/strong> (empresa vinculada \u00e0 Secretaria Municipal de Cultura do Rio de Janeiro). A <strong>Paris Filmes<\/strong> assina a <strong>distribui\u00e7\u00e3o nacional<\/strong>, em parceria de <strong>codistribui\u00e7\u00e3o com a RioFilme<\/strong>.<\/p>\n\n\n\n<p>A anima\u00e7\u00e3o conta ainda com:<\/p>\n\n\n\n<ul class=\"wp-block-list\">\n<li><strong>Produ\u00e7\u00e3o:<\/strong> Virginia Limberger.<\/li>\n\n\n\n<li><strong>Produ\u00e7\u00e3o executiva:<\/strong> Marcela Baptista.<\/li>\n\n\n\n<li><strong>Produ\u00e7\u00e3o de linha:<\/strong> Natalia Capeans.<\/li>\n\n\n\n<li><strong>Est\u00fadio de anima\u00e7\u00e3o:<\/strong> Hype Animation.<\/li>\n\n\n\n<li><strong>Can\u00e7\u00f5es originais:<\/strong> Cezar Brand\u00e3o.<\/li>\n\n\n\n<li><strong>Trilha sonora original:<\/strong> Ed Cort\u00eas e Felipe Sciotti.<\/li>\n\n\n\n<li><strong>Som &amp; mixagem:<\/strong> Pedro Lima.<\/li>\n<\/ul>\n\n\n\n<hr class=\"wp-block-separator has-alpha-channel-opacity\"\/>\n\n\n\n<h3 class=\"wp-block-heading\">\ud83d\udcb0 Apoio e pol\u00edticas p\u00fablicas<\/h3>\n\n\n\n<p>O projeto foi viabilizado por um mosaico de pol\u00edticas culturais e parcerias privadas. Entre os fomentos recebidos est\u00e3o os <strong>Editais ProAC Expresso Lei Aldir Blanc (n\u00ba 54\/2020)<\/strong> e <strong>Lei Paulo Gustavo SP (n\u00ba 15\/2023)<\/strong>, via <strong>Secretaria da Cultura, Economia e Ind\u00fastria Criativas do Governo do Estado de S\u00e3o Paulo<\/strong>. O longa conta com <strong>patroc\u00ednio do BNDES e da Fujifilm<\/strong>, investimento da <strong>Investimage<\/strong> e <strong>apoio da Yellow P\u00f3s<\/strong>.<\/p>\n\n\n\n<p>De acordo com <strong>Marina Moreira<\/strong>, superintendente de Relacionamento, Marketing e Cultura do <strong>BNDES<\/strong>, o banco reafirma com o filme sua longa parceria com o audiovisual nacional \u2014 um hist\u00f3rico que remonta a 1995 e j\u00e1 contemplou <strong>centenas de projetos (mais de 400)<\/strong>. O BNDES apoiou a <strong>trilogia live-action de Tain\u00e1<\/strong> e as <strong>duas temporadas televisivas<\/strong>; agora, a nova anima\u00e7\u00e3o consolida esse compromisso de longo prazo com conte\u00fados que valorizam a diversidade brasileira.<\/p>\n\n\n\n<hr class=\"wp-block-separator has-alpha-channel-opacity\"\/>\n\n\n\n<h3 class=\"wp-block-heading\">\ud83c\udfaf Por que prestar aten\u00e7\u00e3o<\/h3>\n\n\n\n<ul class=\"wp-block-list\">\n<li>Marca a <strong>volta de Tain\u00e1 \u00e0s telonas<\/strong> ap\u00f3s anos de circula\u00e7\u00e3o em TV e plataformas digitais.<\/li>\n\n\n\n<li>Refor\u00e7a <strong>temas ambientais urgentes<\/strong> com linguagem acess\u00edvel para crian\u00e7as.<\/li>\n\n\n\n<li>Re\u00fane <strong>talentos nacionais da anima\u00e7\u00e3o<\/strong> num esfor\u00e7o colaborativo.<\/li>\n\n\n\n<li>\u00c9 exemplo de como <strong>incentivos p\u00fablicos + investimento privado<\/strong> podem sustentar franquias brasileiras duradouras.<\/li>\n<\/ul>\n\n\n\n<hr class=\"wp-block-separator has-alpha-channel-opacity\"\/>\n\n\n\n<h3 class=\"wp-block-heading\">\ud83d\udccc SERVI\u00c7O \u2014 Premi\u00e8re no Festival Sul-Americano de Bonito \u2013 Cinesur<\/h3>\n\n\n\n<ul class=\"wp-block-list\">\n<li><strong>Mostra:<\/strong> Paralela Sess\u00f5es Infantojuvenis<\/li>\n\n\n\n<li><strong>Evento:<\/strong> 3\u00ba Festival Sul-Americano de Bonito \u2013 Cinesur<\/li>\n\n\n\n<li><strong>Onde:<\/strong> Bonito, MS<\/li>\n\n\n\n<li><strong>Quando:<\/strong> 25 de julho a 2 de agosto de 2025<\/li>\n\n\n\n<li><strong>Filme:<\/strong> \u201cTain\u00e1 e os Guardi\u00f5es da Amaz\u00f4nia \u2013 Em Busca da Flecha Azul\u201d (pr\u00e9-exibi\u00e7\u00e3o)<\/li>\n<\/ul>\n\n\n\n<h3 class=\"wp-block-heading\">\ud83d\udcc5 ESTREIA NOS CINEMAS<\/h3>\n\n\n\n<p><strong>20 de novembro de 2025<\/strong> \u2014 lan\u00e7amento nacional.<\/p>\n\n\n\n<hr class=\"wp-block-separator has-alpha-channel-opacity\"\/>\n\n\n\n<h3 class=\"wp-block-heading\">\ud83c\udf9e FICHA T\u00c9CNICA RESUMIDA<\/h3>\n\n\n\n<p><strong>T\u00edtulo:<\/strong> Tain\u00e1 e os Guardi\u00f5es da Amaz\u00f4nia \u2013 Em Busca da Flecha Azul<br><strong>G\u00eanero:<\/strong> Anima\u00e7\u00e3o \/ Aventura \/ Fam\u00edlia<br><strong>Dura\u00e7\u00e3o:<\/strong> 78 min<br><strong>Dire\u00e7\u00e3o:<\/strong> Al\u00ea Camargo, Jordan Nugem<br><strong>Roteiro:<\/strong> Gustavo Colombo (argumento de Rafael Campos Rocha &amp; Gustavo Colombo)<br><strong>Vozes principais:<\/strong> Juliana Nascimento (Tain\u00e1), Caio Guarnieri (Catu), Yuri Chesman (Pepe), Laura Chasseraux (Suri), Faf\u00e1 de Bel\u00e9m (Mestra A\u00ed)<br><strong>Produ\u00e7\u00e3o:<\/strong> Sincrocine Produ\u00e7\u00f5es<br><strong>Coprodu\u00e7\u00e3o:<\/strong> Tiet\u00ea Produ\u00e7\u00f5es; Hype Animation; Brisa Filmes; Claro; RioFilme<br><strong>Distribui\u00e7\u00e3o:<\/strong> Paris Filmes<br><strong>Codistribui\u00e7\u00e3o:<\/strong> RioFilme<br><strong>Patroc\u00ednio:<\/strong> BNDES; Fujifilm<br><strong>Investimento:<\/strong> Investimage<br><strong>Apoio:<\/strong> Yellow P\u00f3s<br><strong>Realiza\u00e7\u00e3o:<\/strong> Governo do Estado de S\u00e3o Paulo; Secretaria da Cultura, Economia e Ind\u00fastria Criativas; ProAC; Governo Federal (Lei Aldir Blanc, Lei Paulo Gustavo)<\/p>\n","protected":false},"excerpt":{"rendered":"<p>Longa de anima\u00e7\u00e3o brasileiro apresenta a origem da guardi\u00e3 ind\u00edgena e de seus amigos animais; estreia comercial acontece em 20 de novembro com distribui\u00e7\u00e3o da Paris Filmes e codistribui\u00e7\u00e3o da RioFilme. A floresta chama \u2014 e Tain\u00e1 atende. \u201cTain\u00e1 e os Guardi\u00f5es da Amaz\u00f4nia \u2013 Em Busca da Flecha Azul\u201d, novo longa de anima\u00e7\u00e3o inspirado [&hellip;]<\/p>\n","protected":false},"author":1,"featured_media":6445,"comment_status":"open","ping_status":"open","sticky":false,"template":"","format":"standard","meta":{"footnotes":""},"categories":[53,7,55],"tags":[],"class_list":["post-6444","post","type-post","status-publish","format-standard","has-post-thumbnail","hentry","category-animes","category-boss-noticias","category-filmes"],"yoast_head":"<!-- This site is optimized with the Yoast SEO plugin v27.4 - https:\/\/yoast.com\/product\/yoast-seo-wordpress\/ -->\n<title>Tain\u00e1 e os Guardi\u00f5es da Amaz\u00f4nia \u2013 Em Busca da Flecha Azul<\/title>\n<meta name=\"description\" content=\"Longa de anima\u00e7\u00e3o brasileiro apresenta a origem da guardi\u00e3 ind\u00edgena e de seus amigos animais; estreia comercial acontece em 20 de novembro...\" \/>\n<meta name=\"robots\" content=\"index, follow, max-snippet:-1, max-image-preview:large, max-video-preview:-1\" \/>\n<link rel=\"canonical\" href=\"https:\/\/finalbossgeek.com.br\/?p=6444\" \/>\n<meta property=\"og:locale\" content=\"pt_BR\" \/>\n<meta property=\"og:type\" content=\"article\" \/>\n<meta property=\"og:title\" content=\"Tain\u00e1 e os Guardi\u00f5es da Amaz\u00f4nia \u2013 Em Busca da Flecha Azul\" \/>\n<meta property=\"og:description\" content=\"Longa de anima\u00e7\u00e3o brasileiro apresenta a origem da guardi\u00e3 ind\u00edgena e de seus amigos animais; estreia comercial acontece em 20 de novembro...\" \/>\n<meta property=\"og:url\" content=\"https:\/\/finalbossgeek.com.br\/?p=6444\" \/>\n<meta property=\"og:site_name\" content=\"Final Boss Geek\" \/>\n<meta property=\"article:publisher\" content=\"https:\/\/web.facebook.com\/FinalBossGeek\" \/>\n<meta property=\"article:published_time\" content=\"2025-07-21T14:50:08+00:00\" \/>\n<meta property=\"article:modified_time\" content=\"2025-07-21T14:50:15+00:00\" \/>\n<meta property=\"og:image\" content=\"http:\/\/finalbossgeek.com.br\/wp-content\/uploads\/2025\/07\/taina-still-1.5.jpg\" \/>\n\t<meta property=\"og:image:width\" content=\"1920\" \/>\n\t<meta property=\"og:image:height\" content=\"1080\" \/>\n\t<meta property=\"og:image:type\" content=\"image\/jpeg\" \/>\n<meta name=\"author\" content=\"FinalBossGeek\" \/>\n<meta name=\"twitter:card\" content=\"summary_large_image\" \/>\n<meta name=\"twitter:label1\" content=\"Escrito por\" \/>\n\t<meta name=\"twitter:data1\" content=\"FinalBossGeek\" \/>\n\t<meta name=\"twitter:label2\" content=\"Est. tempo de leitura\" \/>\n\t<meta name=\"twitter:data2\" content=\"6 minutos\" \/>\n<script type=\"application\/ld+json\" class=\"yoast-schema-graph\">{\"@context\":\"https:\\\/\\\/schema.org\",\"@graph\":[{\"@type\":\"Article\",\"@id\":\"https:\\\/\\\/finalbossgeek.com.br\\\/?p=6444#article\",\"isPartOf\":{\"@id\":\"https:\\\/\\\/finalbossgeek.com.br\\\/?p=6444\"},\"author\":{\"name\":\"FinalBossGeek\",\"@id\":\"https:\\\/\\\/finalbossgeek.com.br\\\/#\\\/schema\\\/person\\\/efefe4df9547729a54251a02081297cd\"},\"headline\":\"Tain\u00e1 e os Guardi\u00f5es da Amaz\u00f4nia \u2013 Em Busca da Flecha Azul faz premi\u00e8re no Festival Sul-Americano de Bonito antes de chegar aos cinemas em novembro\",\"datePublished\":\"2025-07-21T14:50:08+00:00\",\"dateModified\":\"2025-07-21T14:50:15+00:00\",\"mainEntityOfPage\":{\"@id\":\"https:\\\/\\\/finalbossgeek.com.br\\\/?p=6444\"},\"wordCount\":997,\"commentCount\":0,\"publisher\":{\"@id\":\"https:\\\/\\\/finalbossgeek.com.br\\\/#organization\"},\"image\":{\"@id\":\"https:\\\/\\\/finalbossgeek.com.br\\\/?p=6444#primaryimage\"},\"thumbnailUrl\":\"https:\\\/\\\/finalbossgeek.com.br\\\/wp-content\\\/uploads\\\/2025\\\/07\\\/taina-still-1.5.jpg\",\"articleSection\":[\"Animes\",\"BossNot\u00edcias\",\"Filmes\"],\"inLanguage\":\"pt-BR\",\"potentialAction\":[{\"@type\":\"CommentAction\",\"name\":\"Comment\",\"target\":[\"https:\\\/\\\/finalbossgeek.com.br\\\/?p=6444#respond\"]}]},{\"@type\":\"WebPage\",\"@id\":\"https:\\\/\\\/finalbossgeek.com.br\\\/?p=6444\",\"url\":\"https:\\\/\\\/finalbossgeek.com.br\\\/?p=6444\",\"name\":\"Tain\u00e1 e os Guardi\u00f5es da Amaz\u00f4nia \u2013 Em Busca da Flecha Azul\",\"isPartOf\":{\"@id\":\"https:\\\/\\\/finalbossgeek.com.br\\\/#website\"},\"primaryImageOfPage\":{\"@id\":\"https:\\\/\\\/finalbossgeek.com.br\\\/?p=6444#primaryimage\"},\"image\":{\"@id\":\"https:\\\/\\\/finalbossgeek.com.br\\\/?p=6444#primaryimage\"},\"thumbnailUrl\":\"https:\\\/\\\/finalbossgeek.com.br\\\/wp-content\\\/uploads\\\/2025\\\/07\\\/taina-still-1.5.jpg\",\"datePublished\":\"2025-07-21T14:50:08+00:00\",\"dateModified\":\"2025-07-21T14:50:15+00:00\",\"description\":\"Longa de anima\u00e7\u00e3o brasileiro apresenta a origem da guardi\u00e3 ind\u00edgena e de seus amigos animais; estreia comercial acontece em 20 de novembro...\",\"breadcrumb\":{\"@id\":\"https:\\\/\\\/finalbossgeek.com.br\\\/?p=6444#breadcrumb\"},\"inLanguage\":\"pt-BR\",\"potentialAction\":[{\"@type\":\"ReadAction\",\"target\":[\"https:\\\/\\\/finalbossgeek.com.br\\\/?p=6444\"]}]},{\"@type\":\"ImageObject\",\"inLanguage\":\"pt-BR\",\"@id\":\"https:\\\/\\\/finalbossgeek.com.br\\\/?p=6444#primaryimage\",\"url\":\"https:\\\/\\\/finalbossgeek.com.br\\\/wp-content\\\/uploads\\\/2025\\\/07\\\/taina-still-1.5.jpg\",\"contentUrl\":\"https:\\\/\\\/finalbossgeek.com.br\\\/wp-content\\\/uploads\\\/2025\\\/07\\\/taina-still-1.5.jpg\",\"width\":1920,\"height\":1080},{\"@type\":\"BreadcrumbList\",\"@id\":\"https:\\\/\\\/finalbossgeek.com.br\\\/?p=6444#breadcrumb\",\"itemListElement\":[{\"@type\":\"ListItem\",\"position\":1,\"name\":\"In\u00edcio\",\"item\":\"https:\\\/\\\/finalbossgeek.com.br\\\/\"},{\"@type\":\"ListItem\",\"position\":2,\"name\":\"Tain\u00e1 e os Guardi\u00f5es da Amaz\u00f4nia \u2013 Em Busca da Flecha Azul faz premi\u00e8re no Festival Sul-Americano de Bonito antes de chegar aos cinemas em novembro\"}]},{\"@type\":\"WebSite\",\"@id\":\"https:\\\/\\\/finalbossgeek.com.br\\\/#website\",\"url\":\"https:\\\/\\\/finalbossgeek.com.br\\\/\",\"name\":\"Final Boss Geek\",\"description\":\"&quot;A sua casa do entretenimento nerd&quot;\",\"publisher\":{\"@id\":\"https:\\\/\\\/finalbossgeek.com.br\\\/#organization\"},\"potentialAction\":[{\"@type\":\"SearchAction\",\"target\":{\"@type\":\"EntryPoint\",\"urlTemplate\":\"https:\\\/\\\/finalbossgeek.com.br\\\/?s={search_term_string}\"},\"query-input\":{\"@type\":\"PropertyValueSpecification\",\"valueRequired\":true,\"valueName\":\"search_term_string\"}}],\"inLanguage\":\"pt-BR\"},{\"@type\":\"Organization\",\"@id\":\"https:\\\/\\\/finalbossgeek.com.br\\\/#organization\",\"name\":\"Final Boss Geek\",\"url\":\"https:\\\/\\\/finalbossgeek.com.br\\\/\",\"logo\":{\"@type\":\"ImageObject\",\"inLanguage\":\"pt-BR\",\"@id\":\"https:\\\/\\\/finalbossgeek.com.br\\\/#\\\/schema\\\/logo\\\/image\\\/\",\"url\":\"https:\\\/\\\/finalbossgeek.com.br\\\/wp-content\\\/uploads\\\/2026\\\/04\\\/cropped-Icone-Site-2.png\",\"contentUrl\":\"https:\\\/\\\/finalbossgeek.com.br\\\/wp-content\\\/uploads\\\/2026\\\/04\\\/cropped-Icone-Site-2.png\",\"width\":512,\"height\":512,\"caption\":\"Final Boss Geek\"},\"image\":{\"@id\":\"https:\\\/\\\/finalbossgeek.com.br\\\/#\\\/schema\\\/logo\\\/image\\\/\"},\"sameAs\":[\"https:\\\/\\\/web.facebook.com\\\/FinalBossGeek\",\"https:\\\/\\\/www.instagram.com\\\/finalbossgeek\\\/\",\"https:\\\/\\\/www.twitch.tv\\\/finalbossgeek\",\"https:\\\/\\\/www.linkedin.com\\\/company\\\/finalbossgeek\\\/?viewAsMember=true\",\"https:\\\/\\\/www.tiktok.com\\\/@finalbossgeek\"]},{\"@type\":\"Person\",\"@id\":\"https:\\\/\\\/finalbossgeek.com.br\\\/#\\\/schema\\\/person\\\/efefe4df9547729a54251a02081297cd\",\"name\":\"FinalBossGeek\",\"image\":{\"@type\":\"ImageObject\",\"inLanguage\":\"pt-BR\",\"@id\":\"https:\\\/\\\/secure.gravatar.com\\\/avatar\\\/d1422701180383085e7511b514ea162092d901bbcc4a2c798223f3078a0f1b01?s=96&d=mm&r=g\",\"url\":\"https:\\\/\\\/secure.gravatar.com\\\/avatar\\\/d1422701180383085e7511b514ea162092d901bbcc4a2c798223f3078a0f1b01?s=96&d=mm&r=g\",\"contentUrl\":\"https:\\\/\\\/secure.gravatar.com\\\/avatar\\\/d1422701180383085e7511b514ea162092d901bbcc4a2c798223f3078a0f1b01?s=96&d=mm&r=g\",\"caption\":\"FinalBossGeek\"},\"sameAs\":[\"http:\\\/\\\/finalbossgeek.com.br\"],\"url\":\"https:\\\/\\\/finalbossgeek.com.br\\\/?author=1\"}]}<\/script>\n<!-- \/ Yoast SEO plugin. -->","yoast_head_json":{"title":"Tain\u00e1 e os Guardi\u00f5es da Amaz\u00f4nia \u2013 Em Busca da Flecha Azul","description":"Longa de anima\u00e7\u00e3o brasileiro apresenta a origem da guardi\u00e3 ind\u00edgena e de seus amigos animais; estreia comercial acontece em 20 de novembro...","robots":{"index":"index","follow":"follow","max-snippet":"max-snippet:-1","max-image-preview":"max-image-preview:large","max-video-preview":"max-video-preview:-1"},"canonical":"https:\/\/finalbossgeek.com.br\/?p=6444","og_locale":"pt_BR","og_type":"article","og_title":"Tain\u00e1 e os Guardi\u00f5es da Amaz\u00f4nia \u2013 Em Busca da Flecha Azul","og_description":"Longa de anima\u00e7\u00e3o brasileiro apresenta a origem da guardi\u00e3 ind\u00edgena e de seus amigos animais; estreia comercial acontece em 20 de novembro...","og_url":"https:\/\/finalbossgeek.com.br\/?p=6444","og_site_name":"Final Boss Geek","article_publisher":"https:\/\/web.facebook.com\/FinalBossGeek","article_published_time":"2025-07-21T14:50:08+00:00","article_modified_time":"2025-07-21T14:50:15+00:00","og_image":[{"width":1920,"height":1080,"url":"http:\/\/finalbossgeek.com.br\/wp-content\/uploads\/2025\/07\/taina-still-1.5.jpg","type":"image\/jpeg"}],"author":"FinalBossGeek","twitter_card":"summary_large_image","twitter_misc":{"Escrito por":"FinalBossGeek","Est. tempo de leitura":"6 minutos"},"schema":{"@context":"https:\/\/schema.org","@graph":[{"@type":"Article","@id":"https:\/\/finalbossgeek.com.br\/?p=6444#article","isPartOf":{"@id":"https:\/\/finalbossgeek.com.br\/?p=6444"},"author":{"name":"FinalBossGeek","@id":"https:\/\/finalbossgeek.com.br\/#\/schema\/person\/efefe4df9547729a54251a02081297cd"},"headline":"Tain\u00e1 e os Guardi\u00f5es da Amaz\u00f4nia \u2013 Em Busca da Flecha Azul faz premi\u00e8re no Festival Sul-Americano de Bonito antes de chegar aos cinemas em novembro","datePublished":"2025-07-21T14:50:08+00:00","dateModified":"2025-07-21T14:50:15+00:00","mainEntityOfPage":{"@id":"https:\/\/finalbossgeek.com.br\/?p=6444"},"wordCount":997,"commentCount":0,"publisher":{"@id":"https:\/\/finalbossgeek.com.br\/#organization"},"image":{"@id":"https:\/\/finalbossgeek.com.br\/?p=6444#primaryimage"},"thumbnailUrl":"https:\/\/finalbossgeek.com.br\/wp-content\/uploads\/2025\/07\/taina-still-1.5.jpg","articleSection":["Animes","BossNot\u00edcias","Filmes"],"inLanguage":"pt-BR","potentialAction":[{"@type":"CommentAction","name":"Comment","target":["https:\/\/finalbossgeek.com.br\/?p=6444#respond"]}]},{"@type":"WebPage","@id":"https:\/\/finalbossgeek.com.br\/?p=6444","url":"https:\/\/finalbossgeek.com.br\/?p=6444","name":"Tain\u00e1 e os Guardi\u00f5es da Amaz\u00f4nia \u2013 Em Busca da Flecha Azul","isPartOf":{"@id":"https:\/\/finalbossgeek.com.br\/#website"},"primaryImageOfPage":{"@id":"https:\/\/finalbossgeek.com.br\/?p=6444#primaryimage"},"image":{"@id":"https:\/\/finalbossgeek.com.br\/?p=6444#primaryimage"},"thumbnailUrl":"https:\/\/finalbossgeek.com.br\/wp-content\/uploads\/2025\/07\/taina-still-1.5.jpg","datePublished":"2025-07-21T14:50:08+00:00","dateModified":"2025-07-21T14:50:15+00:00","description":"Longa de anima\u00e7\u00e3o brasileiro apresenta a origem da guardi\u00e3 ind\u00edgena e de seus amigos animais; estreia comercial acontece em 20 de novembro...","breadcrumb":{"@id":"https:\/\/finalbossgeek.com.br\/?p=6444#breadcrumb"},"inLanguage":"pt-BR","potentialAction":[{"@type":"ReadAction","target":["https:\/\/finalbossgeek.com.br\/?p=6444"]}]},{"@type":"ImageObject","inLanguage":"pt-BR","@id":"https:\/\/finalbossgeek.com.br\/?p=6444#primaryimage","url":"https:\/\/finalbossgeek.com.br\/wp-content\/uploads\/2025\/07\/taina-still-1.5.jpg","contentUrl":"https:\/\/finalbossgeek.com.br\/wp-content\/uploads\/2025\/07\/taina-still-1.5.jpg","width":1920,"height":1080},{"@type":"BreadcrumbList","@id":"https:\/\/finalbossgeek.com.br\/?p=6444#breadcrumb","itemListElement":[{"@type":"ListItem","position":1,"name":"In\u00edcio","item":"https:\/\/finalbossgeek.com.br\/"},{"@type":"ListItem","position":2,"name":"Tain\u00e1 e os Guardi\u00f5es da Amaz\u00f4nia \u2013 Em Busca da Flecha Azul faz premi\u00e8re no Festival Sul-Americano de Bonito antes de chegar aos cinemas em novembro"}]},{"@type":"WebSite","@id":"https:\/\/finalbossgeek.com.br\/#website","url":"https:\/\/finalbossgeek.com.br\/","name":"Final Boss Geek","description":"&quot;A sua casa do entretenimento nerd&quot;","publisher":{"@id":"https:\/\/finalbossgeek.com.br\/#organization"},"potentialAction":[{"@type":"SearchAction","target":{"@type":"EntryPoint","urlTemplate":"https:\/\/finalbossgeek.com.br\/?s={search_term_string}"},"query-input":{"@type":"PropertyValueSpecification","valueRequired":true,"valueName":"search_term_string"}}],"inLanguage":"pt-BR"},{"@type":"Organization","@id":"https:\/\/finalbossgeek.com.br\/#organization","name":"Final Boss Geek","url":"https:\/\/finalbossgeek.com.br\/","logo":{"@type":"ImageObject","inLanguage":"pt-BR","@id":"https:\/\/finalbossgeek.com.br\/#\/schema\/logo\/image\/","url":"https:\/\/finalbossgeek.com.br\/wp-content\/uploads\/2026\/04\/cropped-Icone-Site-2.png","contentUrl":"https:\/\/finalbossgeek.com.br\/wp-content\/uploads\/2026\/04\/cropped-Icone-Site-2.png","width":512,"height":512,"caption":"Final Boss Geek"},"image":{"@id":"https:\/\/finalbossgeek.com.br\/#\/schema\/logo\/image\/"},"sameAs":["https:\/\/web.facebook.com\/FinalBossGeek","https:\/\/www.instagram.com\/finalbossgeek\/","https:\/\/www.twitch.tv\/finalbossgeek","https:\/\/www.linkedin.com\/company\/finalbossgeek\/?viewAsMember=true","https:\/\/www.tiktok.com\/@finalbossgeek"]},{"@type":"Person","@id":"https:\/\/finalbossgeek.com.br\/#\/schema\/person\/efefe4df9547729a54251a02081297cd","name":"FinalBossGeek","image":{"@type":"ImageObject","inLanguage":"pt-BR","@id":"https:\/\/secure.gravatar.com\/avatar\/d1422701180383085e7511b514ea162092d901bbcc4a2c798223f3078a0f1b01?s=96&d=mm&r=g","url":"https:\/\/secure.gravatar.com\/avatar\/d1422701180383085e7511b514ea162092d901bbcc4a2c798223f3078a0f1b01?s=96&d=mm&r=g","contentUrl":"https:\/\/secure.gravatar.com\/avatar\/d1422701180383085e7511b514ea162092d901bbcc4a2c798223f3078a0f1b01?s=96&d=mm&r=g","caption":"FinalBossGeek"},"sameAs":["http:\/\/finalbossgeek.com.br"],"url":"https:\/\/finalbossgeek.com.br\/?author=1"}]}},"_links":{"self":[{"href":"https:\/\/finalbossgeek.com.br\/index.php?rest_route=\/wp\/v2\/posts\/6444","targetHints":{"allow":["GET"]}}],"collection":[{"href":"https:\/\/finalbossgeek.com.br\/index.php?rest_route=\/wp\/v2\/posts"}],"about":[{"href":"https:\/\/finalbossgeek.com.br\/index.php?rest_route=\/wp\/v2\/types\/post"}],"author":[{"embeddable":true,"href":"https:\/\/finalbossgeek.com.br\/index.php?rest_route=\/wp\/v2\/users\/1"}],"replies":[{"embeddable":true,"href":"https:\/\/finalbossgeek.com.br\/index.php?rest_route=%2Fwp%2Fv2%2Fcomments&post=6444"}],"version-history":[{"count":2,"href":"https:\/\/finalbossgeek.com.br\/index.php?rest_route=\/wp\/v2\/posts\/6444\/revisions"}],"predecessor-version":[{"id":6447,"href":"https:\/\/finalbossgeek.com.br\/index.php?rest_route=\/wp\/v2\/posts\/6444\/revisions\/6447"}],"wp:featuredmedia":[{"embeddable":true,"href":"https:\/\/finalbossgeek.com.br\/index.php?rest_route=\/wp\/v2\/media\/6445"}],"wp:attachment":[{"href":"https:\/\/finalbossgeek.com.br\/index.php?rest_route=%2Fwp%2Fv2%2Fmedia&parent=6444"}],"wp:term":[{"taxonomy":"category","embeddable":true,"href":"https:\/\/finalbossgeek.com.br\/index.php?rest_route=%2Fwp%2Fv2%2Fcategories&post=6444"},{"taxonomy":"post_tag","embeddable":true,"href":"https:\/\/finalbossgeek.com.br\/index.php?rest_route=%2Fwp%2Fv2%2Ftags&post=6444"}],"curies":[{"name":"wp","href":"https:\/\/api.w.org\/{rel}","templated":true}]}}