{"id":6316,"date":"2025-06-11T10:00:00","date_gmt":"2025-06-11T10:00:00","guid":{"rendered":"https:\/\/finalbossgeek.com.br\/?p=6316"},"modified":"2025-06-10T02:58:11","modified_gmt":"2025-06-10T02:58:11","slug":"quinze-dias-vira-filme-e-ganha-destaque-na-bienal-do-livro-rio-2025-com-bate-papo-sobre-representatividade-e-juventude","status":"publish","type":"post","link":"https:\/\/finalbossgeek.com.br\/?p=6316","title":{"rendered":"Quinze Dias vira filme e ganha destaque na Bienal do Livro Rio 2025 com bate-papo sobre representatividade e juventude"},"content":{"rendered":"\n<p class=\"has-text-align-center\"><em>Autor Vitor Martins participa de roda de conversa ao lado da roteirista Ray Tavares, da produtora Clarisse Goulart e da criadora de conte\u00fado Bell Lopes, abordando o impacto da adapta\u00e7\u00e3o cinematogr\u00e1fica de sua obra.<\/em><\/p>\n\n\n\n<p>O universo de <strong>\u201cQuinze Dias\u201d<\/strong>, romance juvenil que conquistou uma legi\u00e3o de leitores em todo o pa\u00eds, vai transbordar das p\u00e1ginas para a tela grande \u2014 e tamb\u00e9m para o centro das discuss\u00f5es da <strong>Bienal do Livro Rio 2025<\/strong>. O evento sediar\u00e1 uma conversa especial no dia <strong>21 de junho (s\u00e1bado), \u00e0s 17h30<\/strong>, na <strong>Pra\u00e7a Al\u00e9m da P\u00e1gina<\/strong>, com o tema:<br><strong>&#8220;Quinze Dias: O Livro, O Filme e a Coragem de Ser Quem Se \u00c9&#8221;<\/strong>.<\/p>\n\n\n\n<p>No centro da discuss\u00e3o estar\u00e1 o autor <strong>Vitor Martins<\/strong>, cuja obra j\u00e1 ultrapassou a marca de <strong>100 mil exemplares vendidos<\/strong> e se tornou refer\u00eancia para leitores LGBTQIAPN+, adolescentes e educadores. A roda de conversa ainda contar\u00e1 com <strong>Ray Tavares<\/strong> (roteirista da adapta\u00e7\u00e3o ao lado de Vitor Brandt), <strong>Clarisse Goulart<\/strong> (Diretora Executiva de Desenvolvimento de Projetos da Conspira\u00e7\u00e3o, produtora respons\u00e1vel pelo longa) e <strong>Bell Lopes<\/strong>, criadora do canal liter\u00e1rio <strong>\u201cBrincando de Escritora\u201d<\/strong> no YouTube.<\/p>\n\n\n\n<p>\u201cQuinze Dias\u201d acompanha a hist\u00f3ria de <strong>Felipe<\/strong>, um adolescente gordo e introspectivo que enfrenta bullying na escola e sonha com duas semanas de sossego nas f\u00e9rias. Mas seus planos mudam quando sua m\u00e3e decide hospedar <strong>Caio<\/strong>, seu antigo vizinho \u2014 e crush da inf\u00e2ncia \u2014, por quinze dias. O enredo sens\u00edvel mistura quest\u00f5es como <strong>gordofobia, homofobia, autoestima, primeiro amor e autodescoberta<\/strong>, ganhando agora uma nova dimens\u00e3o com sua transposi\u00e7\u00e3o para o cinema.<\/p>\n\n\n\n<p>As filmagens do longa est\u00e3o em andamento entre <strong>Rio de Janeiro e Cataguases (MG)<\/strong>, com dire\u00e7\u00e3o de <strong>Daniel Lieff<\/strong>, conhecido por trabalhos como <em>Alice &amp; S\u00f3<\/em> e <em>\u00daltimas F\u00e9rias<\/em>. No papel de Felipe est\u00e1 o jovem ator <strong>Miguel Lallo<\/strong>, estreante no cinema, enquanto <strong>Diego Lira<\/strong> interpreta Caio. A atriz <strong>D\u00e9bora Falabella<\/strong> assume o papel de <strong>Rita<\/strong>, m\u00e3e de Felipe \u2014 uma figura afetuosa e parceira, que foge dos estere\u00f3tipos maternos tradicionais.<\/p>\n\n\n\n<p>O elenco ainda re\u00fane nomes como <strong>Mariana Santos<\/strong>, <strong>Silvio Guindane<\/strong>, <strong>Ol\u00edvia Ara\u00fajo<\/strong>, <strong>Mika Soeiro<\/strong>, <strong>Bel Moreira<\/strong>, <strong>Fernando Caruso<\/strong>, <strong>Augusto Madeira<\/strong>, <strong>M\u00e1rcio Vito<\/strong>, <strong>Jo\u00e3o Pedro Chaseliov<\/strong>, <strong>Jo\u00e3o Gabriel Marinho<\/strong> e <strong>Victor Galisteu<\/strong>.<\/p>\n\n\n\n<p>A expectativa em torno do filme \u00e9 grande, n\u00e3o s\u00f3 pela base fiel de leitores, mas tamb\u00e9m pela import\u00e2ncia dos temas que ele aborda com delicadeza e profundidade. A adapta\u00e7\u00e3o busca manter o tom emocional da obra liter\u00e1ria, ao mesmo tempo em que amplia seu alcance para novas audi\u00eancias.<\/p>\n\n\n\n<p>A participa\u00e7\u00e3o de Vitor Martins na Bienal \u00e9 mais um reflexo do impacto que sua literatura exerce no cen\u00e1rio contempor\u00e2neo \u2014 e da relev\u00e2ncia de se contar hist\u00f3rias que acolhem, provocam e transformam.<\/p>\n","protected":false},"excerpt":{"rendered":"<p>Autor Vitor Martins participa de roda de conversa ao lado da roteirista Ray Tavares, da produtora Clarisse Goulart e da criadora de conte\u00fado Bell Lopes, abordando o impacto da adapta\u00e7\u00e3o cinematogr\u00e1fica de sua obra. O universo de \u201cQuinze Dias\u201d, romance juvenil que conquistou uma legi\u00e3o de leitores em todo o pa\u00eds, vai transbordar das p\u00e1ginas [&hellip;]<\/p>\n","protected":false},"author":1,"featured_media":6317,"comment_status":"open","ping_status":"open","sticky":false,"template":"","format":"standard","meta":{"footnotes":""},"categories":[7,55],"tags":[],"class_list":["post-6316","post","type-post","status-publish","format-standard","has-post-thumbnail","hentry","category-boss-noticias","category-filmes"],"yoast_head":"<!-- This site is optimized with the Yoast SEO plugin v27.4 - https:\/\/yoast.com\/product\/yoast-seo-wordpress\/ -->\n<title>Quinze Dias vira filme e ganha destaque na Bienal do Livro Rio...<\/title>\n<meta name=\"description\" content=\"Autor Vitor Martins participa de roda de conversa ao lado da roteirista Ray Tavares, da produtora Clarisse Goulart e da criadora de...\" \/>\n<meta name=\"robots\" content=\"index, follow, max-snippet:-1, max-image-preview:large, max-video-preview:-1\" \/>\n<link rel=\"canonical\" href=\"https:\/\/finalbossgeek.com.br\/?p=6316\" \/>\n<meta property=\"og:locale\" content=\"pt_BR\" \/>\n<meta property=\"og:type\" content=\"article\" \/>\n<meta property=\"og:title\" content=\"Quinze Dias vira filme e ganha destaque na Bienal do Livro Rio...\" \/>\n<meta property=\"og:description\" content=\"Autor Vitor Martins participa de roda de conversa ao lado da roteirista Ray Tavares, da produtora Clarisse Goulart e da criadora de...\" \/>\n<meta property=\"og:url\" content=\"https:\/\/finalbossgeek.com.br\/?p=6316\" \/>\n<meta property=\"og:site_name\" content=\"Final Boss Geek\" \/>\n<meta property=\"article:publisher\" content=\"https:\/\/web.facebook.com\/FinalBossGeek\" \/>\n<meta property=\"article:published_time\" content=\"2025-06-11T10:00:00+00:00\" \/>\n<meta property=\"og:image\" content=\"https:\/\/finalbossgeek.com.br\/wp-content\/uploads\/2025\/06\/15DIAS_IMPRENSA_05052025_LauraCampanella_LCS05976-scaled.jpg\" \/>\n\t<meta property=\"og:image:width\" content=\"2560\" \/>\n\t<meta property=\"og:image:height\" content=\"1707\" \/>\n\t<meta property=\"og:image:type\" content=\"image\/jpeg\" \/>\n<meta name=\"author\" content=\"FinalBossGeek\" \/>\n<meta name=\"twitter:card\" content=\"summary_large_image\" \/>\n<meta name=\"twitter:label1\" content=\"Escrito por\" \/>\n\t<meta name=\"twitter:data1\" content=\"FinalBossGeek\" \/>\n\t<meta name=\"twitter:label2\" content=\"Est. tempo de leitura\" \/>\n\t<meta name=\"twitter:data2\" content=\"3 minutos\" \/>\n<script type=\"application\/ld+json\" class=\"yoast-schema-graph\">{\"@context\":\"https:\\\/\\\/schema.org\",\"@graph\":[{\"@type\":\"Article\",\"@id\":\"https:\\\/\\\/finalbossgeek.com.br\\\/?p=6316#article\",\"isPartOf\":{\"@id\":\"https:\\\/\\\/finalbossgeek.com.br\\\/?p=6316\"},\"author\":{\"name\":\"FinalBossGeek\",\"@id\":\"https:\\\/\\\/finalbossgeek.com.br\\\/#\\\/schema\\\/person\\\/efefe4df9547729a54251a02081297cd\"},\"headline\":\"Quinze Dias vira filme e ganha destaque na Bienal do Livro Rio 2025 com bate-papo sobre representatividade e juventude\",\"datePublished\":\"2025-06-11T10:00:00+00:00\",\"mainEntityOfPage\":{\"@id\":\"https:\\\/\\\/finalbossgeek.com.br\\\/?p=6316\"},\"wordCount\":494,\"commentCount\":0,\"publisher\":{\"@id\":\"https:\\\/\\\/finalbossgeek.com.br\\\/#organization\"},\"image\":{\"@id\":\"https:\\\/\\\/finalbossgeek.com.br\\\/?p=6316#primaryimage\"},\"thumbnailUrl\":\"https:\\\/\\\/finalbossgeek.com.br\\\/wp-content\\\/uploads\\\/2025\\\/06\\\/15DIAS_IMPRENSA_05052025_LauraCampanella_LCS05976-scaled.jpg\",\"articleSection\":[\"BossNot\u00edcias\",\"Filmes\"],\"inLanguage\":\"pt-BR\",\"potentialAction\":[{\"@type\":\"CommentAction\",\"name\":\"Comment\",\"target\":[\"https:\\\/\\\/finalbossgeek.com.br\\\/?p=6316#respond\"]}]},{\"@type\":\"WebPage\",\"@id\":\"https:\\\/\\\/finalbossgeek.com.br\\\/?p=6316\",\"url\":\"https:\\\/\\\/finalbossgeek.com.br\\\/?p=6316\",\"name\":\"Quinze Dias vira filme e ganha destaque na Bienal do Livro Rio...\",\"isPartOf\":{\"@id\":\"https:\\\/\\\/finalbossgeek.com.br\\\/#website\"},\"primaryImageOfPage\":{\"@id\":\"https:\\\/\\\/finalbossgeek.com.br\\\/?p=6316#primaryimage\"},\"image\":{\"@id\":\"https:\\\/\\\/finalbossgeek.com.br\\\/?p=6316#primaryimage\"},\"thumbnailUrl\":\"https:\\\/\\\/finalbossgeek.com.br\\\/wp-content\\\/uploads\\\/2025\\\/06\\\/15DIAS_IMPRENSA_05052025_LauraCampanella_LCS05976-scaled.jpg\",\"datePublished\":\"2025-06-11T10:00:00+00:00\",\"description\":\"Autor Vitor Martins participa de roda de conversa ao lado da roteirista Ray Tavares, da produtora Clarisse Goulart e da criadora de...\",\"breadcrumb\":{\"@id\":\"https:\\\/\\\/finalbossgeek.com.br\\\/?p=6316#breadcrumb\"},\"inLanguage\":\"pt-BR\",\"potentialAction\":[{\"@type\":\"ReadAction\",\"target\":[\"https:\\\/\\\/finalbossgeek.com.br\\\/?p=6316\"]}]},{\"@type\":\"ImageObject\",\"inLanguage\":\"pt-BR\",\"@id\":\"https:\\\/\\\/finalbossgeek.com.br\\\/?p=6316#primaryimage\",\"url\":\"https:\\\/\\\/finalbossgeek.com.br\\\/wp-content\\\/uploads\\\/2025\\\/06\\\/15DIAS_IMPRENSA_05052025_LauraCampanella_LCS05976-scaled.jpg\",\"contentUrl\":\"https:\\\/\\\/finalbossgeek.com.br\\\/wp-content\\\/uploads\\\/2025\\\/06\\\/15DIAS_IMPRENSA_05052025_LauraCampanella_LCS05976-scaled.jpg\",\"width\":2560,\"height\":1707},{\"@type\":\"BreadcrumbList\",\"@id\":\"https:\\\/\\\/finalbossgeek.com.br\\\/?p=6316#breadcrumb\",\"itemListElement\":[{\"@type\":\"ListItem\",\"position\":1,\"name\":\"In\u00edcio\",\"item\":\"https:\\\/\\\/finalbossgeek.com.br\\\/\"},{\"@type\":\"ListItem\",\"position\":2,\"name\":\"Quinze Dias vira filme e ganha destaque na Bienal do Livro Rio 2025 com bate-papo sobre representatividade e juventude\"}]},{\"@type\":\"WebSite\",\"@id\":\"https:\\\/\\\/finalbossgeek.com.br\\\/#website\",\"url\":\"https:\\\/\\\/finalbossgeek.com.br\\\/\",\"name\":\"Final Boss Geek\",\"description\":\"&quot;A sua casa do entretenimento nerd&quot;\",\"publisher\":{\"@id\":\"https:\\\/\\\/finalbossgeek.com.br\\\/#organization\"},\"potentialAction\":[{\"@type\":\"SearchAction\",\"target\":{\"@type\":\"EntryPoint\",\"urlTemplate\":\"https:\\\/\\\/finalbossgeek.com.br\\\/?s={search_term_string}\"},\"query-input\":{\"@type\":\"PropertyValueSpecification\",\"valueRequired\":true,\"valueName\":\"search_term_string\"}}],\"inLanguage\":\"pt-BR\"},{\"@type\":\"Organization\",\"@id\":\"https:\\\/\\\/finalbossgeek.com.br\\\/#organization\",\"name\":\"Final Boss Geek\",\"url\":\"https:\\\/\\\/finalbossgeek.com.br\\\/\",\"logo\":{\"@type\":\"ImageObject\",\"inLanguage\":\"pt-BR\",\"@id\":\"https:\\\/\\\/finalbossgeek.com.br\\\/#\\\/schema\\\/logo\\\/image\\\/\",\"url\":\"https:\\\/\\\/finalbossgeek.com.br\\\/wp-content\\\/uploads\\\/2026\\\/04\\\/cropped-Icone-Site-2.png\",\"contentUrl\":\"https:\\\/\\\/finalbossgeek.com.br\\\/wp-content\\\/uploads\\\/2026\\\/04\\\/cropped-Icone-Site-2.png\",\"width\":512,\"height\":512,\"caption\":\"Final Boss Geek\"},\"image\":{\"@id\":\"https:\\\/\\\/finalbossgeek.com.br\\\/#\\\/schema\\\/logo\\\/image\\\/\"},\"sameAs\":[\"https:\\\/\\\/web.facebook.com\\\/FinalBossGeek\",\"https:\\\/\\\/www.instagram.com\\\/finalbossgeek\\\/\",\"https:\\\/\\\/www.twitch.tv\\\/finalbossgeek\",\"https:\\\/\\\/www.linkedin.com\\\/company\\\/finalbossgeek\\\/?viewAsMember=true\",\"https:\\\/\\\/www.tiktok.com\\\/@finalbossgeek\"]},{\"@type\":\"Person\",\"@id\":\"https:\\\/\\\/finalbossgeek.com.br\\\/#\\\/schema\\\/person\\\/efefe4df9547729a54251a02081297cd\",\"name\":\"FinalBossGeek\",\"image\":{\"@type\":\"ImageObject\",\"inLanguage\":\"pt-BR\",\"@id\":\"https:\\\/\\\/secure.gravatar.com\\\/avatar\\\/d1422701180383085e7511b514ea162092d901bbcc4a2c798223f3078a0f1b01?s=96&d=mm&r=g\",\"url\":\"https:\\\/\\\/secure.gravatar.com\\\/avatar\\\/d1422701180383085e7511b514ea162092d901bbcc4a2c798223f3078a0f1b01?s=96&d=mm&r=g\",\"contentUrl\":\"https:\\\/\\\/secure.gravatar.com\\\/avatar\\\/d1422701180383085e7511b514ea162092d901bbcc4a2c798223f3078a0f1b01?s=96&d=mm&r=g\",\"caption\":\"FinalBossGeek\"},\"sameAs\":[\"http:\\\/\\\/finalbossgeek.com.br\"],\"url\":\"https:\\\/\\\/finalbossgeek.com.br\\\/?author=1\"}]}<\/script>\n<!-- \/ Yoast SEO plugin. -->","yoast_head_json":{"title":"Quinze Dias vira filme e ganha destaque na Bienal do Livro Rio...","description":"Autor Vitor Martins participa de roda de conversa ao lado da roteirista Ray Tavares, da produtora Clarisse Goulart e da criadora de...","robots":{"index":"index","follow":"follow","max-snippet":"max-snippet:-1","max-image-preview":"max-image-preview:large","max-video-preview":"max-video-preview:-1"},"canonical":"https:\/\/finalbossgeek.com.br\/?p=6316","og_locale":"pt_BR","og_type":"article","og_title":"Quinze Dias vira filme e ganha destaque na Bienal do Livro Rio...","og_description":"Autor Vitor Martins participa de roda de conversa ao lado da roteirista Ray Tavares, da produtora Clarisse Goulart e da criadora de...","og_url":"https:\/\/finalbossgeek.com.br\/?p=6316","og_site_name":"Final Boss Geek","article_publisher":"https:\/\/web.facebook.com\/FinalBossGeek","article_published_time":"2025-06-11T10:00:00+00:00","og_image":[{"width":2560,"height":1707,"url":"https:\/\/finalbossgeek.com.br\/wp-content\/uploads\/2025\/06\/15DIAS_IMPRENSA_05052025_LauraCampanella_LCS05976-scaled.jpg","type":"image\/jpeg"}],"author":"FinalBossGeek","twitter_card":"summary_large_image","twitter_misc":{"Escrito por":"FinalBossGeek","Est. tempo de leitura":"3 minutos"},"schema":{"@context":"https:\/\/schema.org","@graph":[{"@type":"Article","@id":"https:\/\/finalbossgeek.com.br\/?p=6316#article","isPartOf":{"@id":"https:\/\/finalbossgeek.com.br\/?p=6316"},"author":{"name":"FinalBossGeek","@id":"https:\/\/finalbossgeek.com.br\/#\/schema\/person\/efefe4df9547729a54251a02081297cd"},"headline":"Quinze Dias vira filme e ganha destaque na Bienal do Livro Rio 2025 com bate-papo sobre representatividade e juventude","datePublished":"2025-06-11T10:00:00+00:00","mainEntityOfPage":{"@id":"https:\/\/finalbossgeek.com.br\/?p=6316"},"wordCount":494,"commentCount":0,"publisher":{"@id":"https:\/\/finalbossgeek.com.br\/#organization"},"image":{"@id":"https:\/\/finalbossgeek.com.br\/?p=6316#primaryimage"},"thumbnailUrl":"https:\/\/finalbossgeek.com.br\/wp-content\/uploads\/2025\/06\/15DIAS_IMPRENSA_05052025_LauraCampanella_LCS05976-scaled.jpg","articleSection":["BossNot\u00edcias","Filmes"],"inLanguage":"pt-BR","potentialAction":[{"@type":"CommentAction","name":"Comment","target":["https:\/\/finalbossgeek.com.br\/?p=6316#respond"]}]},{"@type":"WebPage","@id":"https:\/\/finalbossgeek.com.br\/?p=6316","url":"https:\/\/finalbossgeek.com.br\/?p=6316","name":"Quinze Dias vira filme e ganha destaque na Bienal do Livro Rio...","isPartOf":{"@id":"https:\/\/finalbossgeek.com.br\/#website"},"primaryImageOfPage":{"@id":"https:\/\/finalbossgeek.com.br\/?p=6316#primaryimage"},"image":{"@id":"https:\/\/finalbossgeek.com.br\/?p=6316#primaryimage"},"thumbnailUrl":"https:\/\/finalbossgeek.com.br\/wp-content\/uploads\/2025\/06\/15DIAS_IMPRENSA_05052025_LauraCampanella_LCS05976-scaled.jpg","datePublished":"2025-06-11T10:00:00+00:00","description":"Autor Vitor Martins participa de roda de conversa ao lado da roteirista Ray Tavares, da produtora Clarisse Goulart e da criadora de...","breadcrumb":{"@id":"https:\/\/finalbossgeek.com.br\/?p=6316#breadcrumb"},"inLanguage":"pt-BR","potentialAction":[{"@type":"ReadAction","target":["https:\/\/finalbossgeek.com.br\/?p=6316"]}]},{"@type":"ImageObject","inLanguage":"pt-BR","@id":"https:\/\/finalbossgeek.com.br\/?p=6316#primaryimage","url":"https:\/\/finalbossgeek.com.br\/wp-content\/uploads\/2025\/06\/15DIAS_IMPRENSA_05052025_LauraCampanella_LCS05976-scaled.jpg","contentUrl":"https:\/\/finalbossgeek.com.br\/wp-content\/uploads\/2025\/06\/15DIAS_IMPRENSA_05052025_LauraCampanella_LCS05976-scaled.jpg","width":2560,"height":1707},{"@type":"BreadcrumbList","@id":"https:\/\/finalbossgeek.com.br\/?p=6316#breadcrumb","itemListElement":[{"@type":"ListItem","position":1,"name":"In\u00edcio","item":"https:\/\/finalbossgeek.com.br\/"},{"@type":"ListItem","position":2,"name":"Quinze Dias vira filme e ganha destaque na Bienal do Livro Rio 2025 com bate-papo sobre representatividade e juventude"}]},{"@type":"WebSite","@id":"https:\/\/finalbossgeek.com.br\/#website","url":"https:\/\/finalbossgeek.com.br\/","name":"Final Boss Geek","description":"&quot;A sua casa do entretenimento nerd&quot;","publisher":{"@id":"https:\/\/finalbossgeek.com.br\/#organization"},"potentialAction":[{"@type":"SearchAction","target":{"@type":"EntryPoint","urlTemplate":"https:\/\/finalbossgeek.com.br\/?s={search_term_string}"},"query-input":{"@type":"PropertyValueSpecification","valueRequired":true,"valueName":"search_term_string"}}],"inLanguage":"pt-BR"},{"@type":"Organization","@id":"https:\/\/finalbossgeek.com.br\/#organization","name":"Final Boss Geek","url":"https:\/\/finalbossgeek.com.br\/","logo":{"@type":"ImageObject","inLanguage":"pt-BR","@id":"https:\/\/finalbossgeek.com.br\/#\/schema\/logo\/image\/","url":"https:\/\/finalbossgeek.com.br\/wp-content\/uploads\/2026\/04\/cropped-Icone-Site-2.png","contentUrl":"https:\/\/finalbossgeek.com.br\/wp-content\/uploads\/2026\/04\/cropped-Icone-Site-2.png","width":512,"height":512,"caption":"Final Boss Geek"},"image":{"@id":"https:\/\/finalbossgeek.com.br\/#\/schema\/logo\/image\/"},"sameAs":["https:\/\/web.facebook.com\/FinalBossGeek","https:\/\/www.instagram.com\/finalbossgeek\/","https:\/\/www.twitch.tv\/finalbossgeek","https:\/\/www.linkedin.com\/company\/finalbossgeek\/?viewAsMember=true","https:\/\/www.tiktok.com\/@finalbossgeek"]},{"@type":"Person","@id":"https:\/\/finalbossgeek.com.br\/#\/schema\/person\/efefe4df9547729a54251a02081297cd","name":"FinalBossGeek","image":{"@type":"ImageObject","inLanguage":"pt-BR","@id":"https:\/\/secure.gravatar.com\/avatar\/d1422701180383085e7511b514ea162092d901bbcc4a2c798223f3078a0f1b01?s=96&d=mm&r=g","url":"https:\/\/secure.gravatar.com\/avatar\/d1422701180383085e7511b514ea162092d901bbcc4a2c798223f3078a0f1b01?s=96&d=mm&r=g","contentUrl":"https:\/\/secure.gravatar.com\/avatar\/d1422701180383085e7511b514ea162092d901bbcc4a2c798223f3078a0f1b01?s=96&d=mm&r=g","caption":"FinalBossGeek"},"sameAs":["http:\/\/finalbossgeek.com.br"],"url":"https:\/\/finalbossgeek.com.br\/?author=1"}]}},"_links":{"self":[{"href":"https:\/\/finalbossgeek.com.br\/index.php?rest_route=\/wp\/v2\/posts\/6316","targetHints":{"allow":["GET"]}}],"collection":[{"href":"https:\/\/finalbossgeek.com.br\/index.php?rest_route=\/wp\/v2\/posts"}],"about":[{"href":"https:\/\/finalbossgeek.com.br\/index.php?rest_route=\/wp\/v2\/types\/post"}],"author":[{"embeddable":true,"href":"https:\/\/finalbossgeek.com.br\/index.php?rest_route=\/wp\/v2\/users\/1"}],"replies":[{"embeddable":true,"href":"https:\/\/finalbossgeek.com.br\/index.php?rest_route=%2Fwp%2Fv2%2Fcomments&post=6316"}],"version-history":[{"count":2,"href":"https:\/\/finalbossgeek.com.br\/index.php?rest_route=\/wp\/v2\/posts\/6316\/revisions"}],"predecessor-version":[{"id":6319,"href":"https:\/\/finalbossgeek.com.br\/index.php?rest_route=\/wp\/v2\/posts\/6316\/revisions\/6319"}],"wp:featuredmedia":[{"embeddable":true,"href":"https:\/\/finalbossgeek.com.br\/index.php?rest_route=\/wp\/v2\/media\/6317"}],"wp:attachment":[{"href":"https:\/\/finalbossgeek.com.br\/index.php?rest_route=%2Fwp%2Fv2%2Fmedia&parent=6316"}],"wp:term":[{"taxonomy":"category","embeddable":true,"href":"https:\/\/finalbossgeek.com.br\/index.php?rest_route=%2Fwp%2Fv2%2Fcategories&post=6316"},{"taxonomy":"post_tag","embeddable":true,"href":"https:\/\/finalbossgeek.com.br\/index.php?rest_route=%2Fwp%2Fv2%2Ftags&post=6316"}],"curies":[{"name":"wp","href":"https:\/\/api.w.org\/{rel}","templated":true}]}}