{"id":6165,"date":"2025-05-19T10:03:00","date_gmt":"2025-05-19T10:03:00","guid":{"rendered":"https:\/\/finalbossgeek.com.br\/?p=6165"},"modified":"2025-05-19T02:11:03","modified_gmt":"2025-05-19T02:11:03","slug":"ainda-nao-e-amanha-longa-premiado-de-milena-times-estreia-nos-cinemas-com-trailer-impactante","status":"publish","type":"post","link":"https:\/\/finalbossgeek.com.br\/?p=6165","title":{"rendered":"Ainda N\u00e3o \u00c9 Amanh\u00e3: longa premiado de Milena Times estreia nos cinemas com trailer impactante"},"content":{"rendered":"\n<p class=\"has-text-align-center\"><em>Ap\u00f3s ser destaque em festivais nacionais e internacionais, filme da diretora pernambucana chega \u00e0s telonas no dia 5 de junho, trazendo uma poderosa narrativa sobre juventude, maternidade e resist\u00eancia<\/em><\/p>\n\n\n\n<p>O cinema brasileiro ganha um novo e potente cap\u00edtulo com a chegada de <strong>\u201cAinda N\u00e3o \u00c9 Amanh\u00e3\u201d<\/strong>, estreia no longa-metragem da diretora pernambucana <strong>Milena Times<\/strong>, que j\u00e1 havia conquistado reconhecimento com seus curtas <strong>Represa (2016)<\/strong> e <strong>Au Revoir (2013)<\/strong>. Com lan\u00e7amento nacional marcado para o dia <strong>5 de junho<\/strong>, a produ\u00e7\u00e3o acaba de ganhar seu <strong>trailer oficial<\/strong>, revelando uma trama sens\u00edvel, urgente e profundamente enraizada na realidade das periferias urbanas.<\/p>\n\n\n\n<p class=\"has-text-align-center\"><a href=\"https:\/\/www.youtube.com\/watch?v=F1t-J8SUNZ4\">Ainda n\u00e3o \u00e9 amanh\u00e3 | trailer oficial | 05 de junho nos cinemas<\/a><\/p>\n\n\n\n<hr class=\"wp-block-separator has-alpha-channel-opacity\"\/>\n\n\n\n<p><strong>Retrato de uma juventude em tens\u00e3o<\/strong><\/p>\n\n\n\n<p>A hist\u00f3ria acompanha <strong>Jana\u00edna<\/strong>, vivida pela premiada <strong>Mayara Santos<\/strong>, uma jovem negra de 18 anos que vive com a m\u00e3e (<strong>Clau Barros<\/strong>) e a av\u00f3 (<strong>Cl\u00e1udia Concei\u00e7\u00e3o<\/strong>) em um conjunto habitacional no Recife. Estudante de Direito e bolsista, ela alimenta o sonho de ser a primeira da fam\u00edlia a obter um diploma universit\u00e1rio. No entanto, ao descobrir uma gravidez n\u00e3o planejada, \u00e9 for\u00e7ada a reavaliar seu futuro, seus v\u00ednculos familiares e as possibilidades de escolha em um pa\u00eds que criminaliza o aborto.<\/p>\n\n\n\n<p>Mais do que um drama pessoal, <strong>\u201cAinda N\u00e3o \u00c9 Amanh\u00e3\u201d<\/strong> mergulha em discuss\u00f5es sobre <strong>autonomia feminina, pertencimento, juventude perif\u00e9rica<\/strong> e as <strong>camadas de opress\u00e3o<\/strong> enfrentadas por mulheres em situa\u00e7\u00e3o de vulnerabilidade. A narrativa se desenvolve em um ambiente \u00edntimo e com uma est\u00e9tica realista que refor\u00e7a o peso das decis\u00f5es da protagonista.<\/p>\n\n\n\n<hr class=\"wp-block-separator has-alpha-channel-opacity\"\/>\n\n\n\n<p><strong>Reconhecimento e trajet\u00f3ria em festivais<\/strong><\/p>\n\n\n\n<p>Antes de chegar ao circuito comercial, o longa foi amplamente aclamado em festivais. Sua <strong>estreia internacional ocorreu no Festival de Mar del Plata<\/strong>, na Argentina, e desde ent\u00e3o acumulou <strong>11 pr\u00eamios<\/strong>, incluindo <strong>Melhor Atriz para Mayara Santos no Festival do Rio (Premiere Brasil \u2013 Novos Rumos)<\/strong> e <strong>Melhor Dire\u00e7\u00e3o para Milena Times no Panorama Internacional Coisa de Cinema (BA)<\/strong>. No <strong>Fest Aruanda (PB)<\/strong>, a obra foi a grande vencedora da mostra \u201cSob o C\u00e9u Nordestino\u201d, conquistando <strong>sete pr\u00eamios<\/strong>, entre eles <strong>Melhor Filme, Dire\u00e7\u00e3o de Arte, Fotografia e Atua\u00e7\u00e3o Coadjuvante<\/strong>.<\/p>\n\n\n\n<hr class=\"wp-block-separator has-alpha-channel-opacity\"\/>\n\n\n\n<p><strong>Produ\u00e7\u00e3o, elenco e equipe criativa<\/strong><\/p>\n\n\n\n<p>A produ\u00e7\u00e3o \u00e9 assinada por <strong>Dora Amorim, J\u00falia Machado e Tha\u00eds Vidal<\/strong>, em coprodu\u00e7\u00e3o entre as empresas <strong>Espreita Filmes, Ponte Produtoras e Ventana Filmes<\/strong>. A prepara\u00e7\u00e3o de elenco foi conduzida por <strong>Amanda Gabriel<\/strong>. Al\u00e9m de Mayara Santos, o filme conta com atua\u00e7\u00f5es de <strong>B\u00e1rbara Vit\u00f3ria<\/strong> (como Kelly, melhor amiga da protagonista), <strong>M\u00e1rio Victor<\/strong> (namorado de Jana\u00edna), e das atrizes Clau Barros e Cl\u00e1udia Concei\u00e7\u00e3o.<\/p>\n\n\n\n<p>A <strong>dire\u00e7\u00e3o de arte<\/strong> de <strong>Lia Let\u00edcia<\/strong> e a <strong>fotografia<\/strong> de <strong>Linga Ac\u00e1cio<\/strong> foram tamb\u00e9m premiadas, assim como o trabalho sonoro comandado por <strong>Martha Suzana<\/strong> e <strong>Nicolau Domingues<\/strong>, que alia o realismo sonoro cotidiano \u00e0 profundidade emocional do roteiro.<\/p>\n\n\n\n<hr class=\"wp-block-separator has-alpha-channel-opacity\"\/>\n\n\n\n<p><strong>Uma hist\u00f3ria que ecoa temas sociais urgentes<\/strong><\/p>\n\n\n\n<p>Desenvolvido desde <strong>2016<\/strong>, o roteiro de \u201cAinda N\u00e3o \u00c9 Amanh\u00e3\u201d foi finalista do <strong>Pr\u00eamio Cab\u00edria de Roteiros<\/strong> e passou por laborat\u00f3rios como <strong>BrLab<\/strong> e <strong>Cab\u00edria Lab<\/strong>. Ao longo do tempo, o projeto foi se adaptando \u00e0 conjuntura pol\u00edtica e social do Brasil. Segundo Milena Times, a narrativa ganha ainda mais relev\u00e2ncia diante do retrocesso em direitos sexuais e reprodutivos:<\/p>\n\n\n\n<blockquote class=\"wp-block-quote is-layout-flow wp-block-quote-is-layout-flow\">\n<p>\u201cAo inv\u00e9s de avan\u00e7armos, vemos garantias legais sendo constantemente amea\u00e7adas. Falar sobre isso, hoje, \u00e9 uma forma de resist\u00eancia\u201d.<\/p>\n<\/blockquote>\n\n\n\n<p>Com um olhar po\u00e9tico e pol\u00edtico sobre a realidade brasileira, a diretora prop\u00f5e uma reflex\u00e3o sobre o impacto da <strong>criminaliza\u00e7\u00e3o do aborto<\/strong> e o sil\u00eancio que ainda cerca a autonomia sobre os pr\u00f3prios corpos, especialmente entre mulheres negras e perif\u00e9ricas.<\/p>\n\n\n\n<hr class=\"wp-block-separator has-alpha-channel-opacity\"\/>\n\n\n\n<p><strong>Patroc\u00ednios e incentivos culturais<\/strong><\/p>\n\n\n\n<p>A obra foi viabilizada por meio de <strong>incentivos culturais<\/strong> e conta com apoio de entidades como <strong>Ancine<\/strong>, <strong>FSA<\/strong>, <strong>BRDE<\/strong>, <strong>Funcultura<\/strong>, <strong>Fundarpe<\/strong>, <strong>Secretaria de Cultura de Pernambuco<\/strong>, al\u00e9m do <strong>SIC \u2013 Sistema de Incentivo \u00e0 Cultura da Prefeitura do Recife<\/strong>.<\/p>\n","protected":false},"excerpt":{"rendered":"<p>Ap\u00f3s ser destaque em festivais nacionais e internacionais, filme da diretora pernambucana chega \u00e0s telonas no dia 5 de junho, trazendo uma poderosa narrativa sobre juventude, maternidade e resist\u00eancia O cinema brasileiro ganha um novo e potente cap\u00edtulo com a chegada de \u201cAinda N\u00e3o \u00c9 Amanh\u00e3\u201d, estreia no longa-metragem da diretora pernambucana Milena Times, que [&hellip;]<\/p>\n","protected":false},"author":1,"featured_media":6166,"comment_status":"open","ping_status":"open","sticky":false,"template":"","format":"standard","meta":{"footnotes":""},"categories":[7,55],"tags":[],"class_list":["post-6165","post","type-post","status-publish","format-standard","has-post-thumbnail","hentry","category-boss-noticias","category-filmes"],"yoast_head":"<!-- This site is optimized with the Yoast SEO plugin v27.4 - https:\/\/yoast.com\/product\/yoast-seo-wordpress\/ -->\n<title>Ainda N\u00e3o \u00c9 Amanh\u00e3: longa premiado de Milena Times estreia...<\/title>\n<meta name=\"description\" content=\"Ap\u00f3s ser destaque em festivais nacionais e internacionais, filme da diretora pernambucana chega \u00e0s telonas no dia 5 de junho, trazendo...\" \/>\n<meta name=\"robots\" content=\"index, follow, max-snippet:-1, max-image-preview:large, max-video-preview:-1\" \/>\n<link rel=\"canonical\" href=\"https:\/\/finalbossgeek.com.br\/?p=6165\" \/>\n<meta property=\"og:locale\" content=\"pt_BR\" \/>\n<meta property=\"og:type\" content=\"article\" \/>\n<meta property=\"og:title\" content=\"Ainda N\u00e3o \u00c9 Amanh\u00e3: longa premiado de Milena Times estreia...\" \/>\n<meta property=\"og:description\" content=\"Ap\u00f3s ser destaque em festivais nacionais e internacionais, filme da diretora pernambucana chega \u00e0s telonas no dia 5 de junho, trazendo...\" \/>\n<meta property=\"og:url\" content=\"https:\/\/finalbossgeek.com.br\/?p=6165\" \/>\n<meta property=\"og:site_name\" content=\"Final Boss Geek\" \/>\n<meta property=\"article:publisher\" content=\"https:\/\/web.facebook.com\/FinalBossGeek\" \/>\n<meta property=\"article:published_time\" content=\"2025-05-19T10:03:00+00:00\" \/>\n<meta property=\"og:image\" content=\"https:\/\/finalbossgeek.com.br\/wp-content\/uploads\/2025\/05\/01.png\" \/>\n\t<meta property=\"og:image:width\" content=\"750\" \/>\n\t<meta property=\"og:image:height\" content=\"422\" \/>\n\t<meta property=\"og:image:type\" content=\"image\/png\" \/>\n<meta name=\"author\" content=\"FinalBossGeek\" \/>\n<meta name=\"twitter:card\" content=\"summary_large_image\" \/>\n<meta name=\"twitter:label1\" content=\"Escrito por\" \/>\n\t<meta name=\"twitter:data1\" content=\"FinalBossGeek\" \/>\n\t<meta name=\"twitter:label2\" content=\"Est. tempo de leitura\" \/>\n\t<meta name=\"twitter:data2\" content=\"4 minutos\" \/>\n<script type=\"application\/ld+json\" class=\"yoast-schema-graph\">{\"@context\":\"https:\\\/\\\/schema.org\",\"@graph\":[{\"@type\":\"Article\",\"@id\":\"https:\\\/\\\/finalbossgeek.com.br\\\/?p=6165#article\",\"isPartOf\":{\"@id\":\"https:\\\/\\\/finalbossgeek.com.br\\\/?p=6165\"},\"author\":{\"name\":\"FinalBossGeek\",\"@id\":\"https:\\\/\\\/finalbossgeek.com.br\\\/#\\\/schema\\\/person\\\/efefe4df9547729a54251a02081297cd\"},\"headline\":\"Ainda N\u00e3o \u00c9 Amanh\u00e3: longa premiado de Milena Times estreia nos cinemas com trailer impactante\",\"datePublished\":\"2025-05-19T10:03:00+00:00\",\"mainEntityOfPage\":{\"@id\":\"https:\\\/\\\/finalbossgeek.com.br\\\/?p=6165\"},\"wordCount\":691,\"commentCount\":0,\"publisher\":{\"@id\":\"https:\\\/\\\/finalbossgeek.com.br\\\/#organization\"},\"image\":{\"@id\":\"https:\\\/\\\/finalbossgeek.com.br\\\/?p=6165#primaryimage\"},\"thumbnailUrl\":\"https:\\\/\\\/finalbossgeek.com.br\\\/wp-content\\\/uploads\\\/2025\\\/05\\\/01.png\",\"articleSection\":[\"BossNot\u00edcias\",\"Filmes\"],\"inLanguage\":\"pt-BR\",\"potentialAction\":[{\"@type\":\"CommentAction\",\"name\":\"Comment\",\"target\":[\"https:\\\/\\\/finalbossgeek.com.br\\\/?p=6165#respond\"]}]},{\"@type\":\"WebPage\",\"@id\":\"https:\\\/\\\/finalbossgeek.com.br\\\/?p=6165\",\"url\":\"https:\\\/\\\/finalbossgeek.com.br\\\/?p=6165\",\"name\":\"Ainda N\u00e3o \u00c9 Amanh\u00e3: longa premiado de Milena Times estreia...\",\"isPartOf\":{\"@id\":\"https:\\\/\\\/finalbossgeek.com.br\\\/#website\"},\"primaryImageOfPage\":{\"@id\":\"https:\\\/\\\/finalbossgeek.com.br\\\/?p=6165#primaryimage\"},\"image\":{\"@id\":\"https:\\\/\\\/finalbossgeek.com.br\\\/?p=6165#primaryimage\"},\"thumbnailUrl\":\"https:\\\/\\\/finalbossgeek.com.br\\\/wp-content\\\/uploads\\\/2025\\\/05\\\/01.png\",\"datePublished\":\"2025-05-19T10:03:00+00:00\",\"description\":\"Ap\u00f3s ser destaque em festivais nacionais e internacionais, filme da diretora pernambucana chega \u00e0s telonas no dia 5 de junho, trazendo...\",\"breadcrumb\":{\"@id\":\"https:\\\/\\\/finalbossgeek.com.br\\\/?p=6165#breadcrumb\"},\"inLanguage\":\"pt-BR\",\"potentialAction\":[{\"@type\":\"ReadAction\",\"target\":[\"https:\\\/\\\/finalbossgeek.com.br\\\/?p=6165\"]}]},{\"@type\":\"ImageObject\",\"inLanguage\":\"pt-BR\",\"@id\":\"https:\\\/\\\/finalbossgeek.com.br\\\/?p=6165#primaryimage\",\"url\":\"https:\\\/\\\/finalbossgeek.com.br\\\/wp-content\\\/uploads\\\/2025\\\/05\\\/01.png\",\"contentUrl\":\"https:\\\/\\\/finalbossgeek.com.br\\\/wp-content\\\/uploads\\\/2025\\\/05\\\/01.png\",\"width\":750,\"height\":422},{\"@type\":\"BreadcrumbList\",\"@id\":\"https:\\\/\\\/finalbossgeek.com.br\\\/?p=6165#breadcrumb\",\"itemListElement\":[{\"@type\":\"ListItem\",\"position\":1,\"name\":\"In\u00edcio\",\"item\":\"https:\\\/\\\/finalbossgeek.com.br\\\/\"},{\"@type\":\"ListItem\",\"position\":2,\"name\":\"Ainda N\u00e3o \u00c9 Amanh\u00e3: longa premiado de Milena Times estreia nos cinemas com trailer impactante\"}]},{\"@type\":\"WebSite\",\"@id\":\"https:\\\/\\\/finalbossgeek.com.br\\\/#website\",\"url\":\"https:\\\/\\\/finalbossgeek.com.br\\\/\",\"name\":\"Final Boss Geek\",\"description\":\"&quot;A sua casa do entretenimento nerd&quot;\",\"publisher\":{\"@id\":\"https:\\\/\\\/finalbossgeek.com.br\\\/#organization\"},\"potentialAction\":[{\"@type\":\"SearchAction\",\"target\":{\"@type\":\"EntryPoint\",\"urlTemplate\":\"https:\\\/\\\/finalbossgeek.com.br\\\/?s={search_term_string}\"},\"query-input\":{\"@type\":\"PropertyValueSpecification\",\"valueRequired\":true,\"valueName\":\"search_term_string\"}}],\"inLanguage\":\"pt-BR\"},{\"@type\":\"Organization\",\"@id\":\"https:\\\/\\\/finalbossgeek.com.br\\\/#organization\",\"name\":\"Final Boss Geek\",\"url\":\"https:\\\/\\\/finalbossgeek.com.br\\\/\",\"logo\":{\"@type\":\"ImageObject\",\"inLanguage\":\"pt-BR\",\"@id\":\"https:\\\/\\\/finalbossgeek.com.br\\\/#\\\/schema\\\/logo\\\/image\\\/\",\"url\":\"https:\\\/\\\/finalbossgeek.com.br\\\/wp-content\\\/uploads\\\/2026\\\/04\\\/cropped-Icone-Site-2.png\",\"contentUrl\":\"https:\\\/\\\/finalbossgeek.com.br\\\/wp-content\\\/uploads\\\/2026\\\/04\\\/cropped-Icone-Site-2.png\",\"width\":512,\"height\":512,\"caption\":\"Final Boss Geek\"},\"image\":{\"@id\":\"https:\\\/\\\/finalbossgeek.com.br\\\/#\\\/schema\\\/logo\\\/image\\\/\"},\"sameAs\":[\"https:\\\/\\\/web.facebook.com\\\/FinalBossGeek\",\"https:\\\/\\\/www.instagram.com\\\/finalbossgeek\\\/\",\"https:\\\/\\\/www.twitch.tv\\\/finalbossgeek\",\"https:\\\/\\\/www.linkedin.com\\\/company\\\/finalbossgeek\\\/?viewAsMember=true\",\"https:\\\/\\\/www.tiktok.com\\\/@finalbossgeek\"]},{\"@type\":\"Person\",\"@id\":\"https:\\\/\\\/finalbossgeek.com.br\\\/#\\\/schema\\\/person\\\/efefe4df9547729a54251a02081297cd\",\"name\":\"FinalBossGeek\",\"image\":{\"@type\":\"ImageObject\",\"inLanguage\":\"pt-BR\",\"@id\":\"https:\\\/\\\/secure.gravatar.com\\\/avatar\\\/d1422701180383085e7511b514ea162092d901bbcc4a2c798223f3078a0f1b01?s=96&d=mm&r=g\",\"url\":\"https:\\\/\\\/secure.gravatar.com\\\/avatar\\\/d1422701180383085e7511b514ea162092d901bbcc4a2c798223f3078a0f1b01?s=96&d=mm&r=g\",\"contentUrl\":\"https:\\\/\\\/secure.gravatar.com\\\/avatar\\\/d1422701180383085e7511b514ea162092d901bbcc4a2c798223f3078a0f1b01?s=96&d=mm&r=g\",\"caption\":\"FinalBossGeek\"},\"sameAs\":[\"http:\\\/\\\/finalbossgeek.com.br\"],\"url\":\"https:\\\/\\\/finalbossgeek.com.br\\\/?author=1\"}]}<\/script>\n<!-- \/ Yoast SEO plugin. -->","yoast_head_json":{"title":"Ainda N\u00e3o \u00c9 Amanh\u00e3: longa premiado de Milena Times estreia...","description":"Ap\u00f3s ser destaque em festivais nacionais e internacionais, filme da diretora pernambucana chega \u00e0s telonas no dia 5 de junho, trazendo...","robots":{"index":"index","follow":"follow","max-snippet":"max-snippet:-1","max-image-preview":"max-image-preview:large","max-video-preview":"max-video-preview:-1"},"canonical":"https:\/\/finalbossgeek.com.br\/?p=6165","og_locale":"pt_BR","og_type":"article","og_title":"Ainda N\u00e3o \u00c9 Amanh\u00e3: longa premiado de Milena Times estreia...","og_description":"Ap\u00f3s ser destaque em festivais nacionais e internacionais, filme da diretora pernambucana chega \u00e0s telonas no dia 5 de junho, trazendo...","og_url":"https:\/\/finalbossgeek.com.br\/?p=6165","og_site_name":"Final Boss Geek","article_publisher":"https:\/\/web.facebook.com\/FinalBossGeek","article_published_time":"2025-05-19T10:03:00+00:00","og_image":[{"width":750,"height":422,"url":"https:\/\/finalbossgeek.com.br\/wp-content\/uploads\/2025\/05\/01.png","type":"image\/png"}],"author":"FinalBossGeek","twitter_card":"summary_large_image","twitter_misc":{"Escrito por":"FinalBossGeek","Est. tempo de leitura":"4 minutos"},"schema":{"@context":"https:\/\/schema.org","@graph":[{"@type":"Article","@id":"https:\/\/finalbossgeek.com.br\/?p=6165#article","isPartOf":{"@id":"https:\/\/finalbossgeek.com.br\/?p=6165"},"author":{"name":"FinalBossGeek","@id":"https:\/\/finalbossgeek.com.br\/#\/schema\/person\/efefe4df9547729a54251a02081297cd"},"headline":"Ainda N\u00e3o \u00c9 Amanh\u00e3: longa premiado de Milena Times estreia nos cinemas com trailer impactante","datePublished":"2025-05-19T10:03:00+00:00","mainEntityOfPage":{"@id":"https:\/\/finalbossgeek.com.br\/?p=6165"},"wordCount":691,"commentCount":0,"publisher":{"@id":"https:\/\/finalbossgeek.com.br\/#organization"},"image":{"@id":"https:\/\/finalbossgeek.com.br\/?p=6165#primaryimage"},"thumbnailUrl":"https:\/\/finalbossgeek.com.br\/wp-content\/uploads\/2025\/05\/01.png","articleSection":["BossNot\u00edcias","Filmes"],"inLanguage":"pt-BR","potentialAction":[{"@type":"CommentAction","name":"Comment","target":["https:\/\/finalbossgeek.com.br\/?p=6165#respond"]}]},{"@type":"WebPage","@id":"https:\/\/finalbossgeek.com.br\/?p=6165","url":"https:\/\/finalbossgeek.com.br\/?p=6165","name":"Ainda N\u00e3o \u00c9 Amanh\u00e3: longa premiado de Milena Times estreia...","isPartOf":{"@id":"https:\/\/finalbossgeek.com.br\/#website"},"primaryImageOfPage":{"@id":"https:\/\/finalbossgeek.com.br\/?p=6165#primaryimage"},"image":{"@id":"https:\/\/finalbossgeek.com.br\/?p=6165#primaryimage"},"thumbnailUrl":"https:\/\/finalbossgeek.com.br\/wp-content\/uploads\/2025\/05\/01.png","datePublished":"2025-05-19T10:03:00+00:00","description":"Ap\u00f3s ser destaque em festivais nacionais e internacionais, filme da diretora pernambucana chega \u00e0s telonas no dia 5 de junho, trazendo...","breadcrumb":{"@id":"https:\/\/finalbossgeek.com.br\/?p=6165#breadcrumb"},"inLanguage":"pt-BR","potentialAction":[{"@type":"ReadAction","target":["https:\/\/finalbossgeek.com.br\/?p=6165"]}]},{"@type":"ImageObject","inLanguage":"pt-BR","@id":"https:\/\/finalbossgeek.com.br\/?p=6165#primaryimage","url":"https:\/\/finalbossgeek.com.br\/wp-content\/uploads\/2025\/05\/01.png","contentUrl":"https:\/\/finalbossgeek.com.br\/wp-content\/uploads\/2025\/05\/01.png","width":750,"height":422},{"@type":"BreadcrumbList","@id":"https:\/\/finalbossgeek.com.br\/?p=6165#breadcrumb","itemListElement":[{"@type":"ListItem","position":1,"name":"In\u00edcio","item":"https:\/\/finalbossgeek.com.br\/"},{"@type":"ListItem","position":2,"name":"Ainda N\u00e3o \u00c9 Amanh\u00e3: longa premiado de Milena Times estreia nos cinemas com trailer impactante"}]},{"@type":"WebSite","@id":"https:\/\/finalbossgeek.com.br\/#website","url":"https:\/\/finalbossgeek.com.br\/","name":"Final Boss Geek","description":"&quot;A sua casa do entretenimento nerd&quot;","publisher":{"@id":"https:\/\/finalbossgeek.com.br\/#organization"},"potentialAction":[{"@type":"SearchAction","target":{"@type":"EntryPoint","urlTemplate":"https:\/\/finalbossgeek.com.br\/?s={search_term_string}"},"query-input":{"@type":"PropertyValueSpecification","valueRequired":true,"valueName":"search_term_string"}}],"inLanguage":"pt-BR"},{"@type":"Organization","@id":"https:\/\/finalbossgeek.com.br\/#organization","name":"Final Boss Geek","url":"https:\/\/finalbossgeek.com.br\/","logo":{"@type":"ImageObject","inLanguage":"pt-BR","@id":"https:\/\/finalbossgeek.com.br\/#\/schema\/logo\/image\/","url":"https:\/\/finalbossgeek.com.br\/wp-content\/uploads\/2026\/04\/cropped-Icone-Site-2.png","contentUrl":"https:\/\/finalbossgeek.com.br\/wp-content\/uploads\/2026\/04\/cropped-Icone-Site-2.png","width":512,"height":512,"caption":"Final Boss Geek"},"image":{"@id":"https:\/\/finalbossgeek.com.br\/#\/schema\/logo\/image\/"},"sameAs":["https:\/\/web.facebook.com\/FinalBossGeek","https:\/\/www.instagram.com\/finalbossgeek\/","https:\/\/www.twitch.tv\/finalbossgeek","https:\/\/www.linkedin.com\/company\/finalbossgeek\/?viewAsMember=true","https:\/\/www.tiktok.com\/@finalbossgeek"]},{"@type":"Person","@id":"https:\/\/finalbossgeek.com.br\/#\/schema\/person\/efefe4df9547729a54251a02081297cd","name":"FinalBossGeek","image":{"@type":"ImageObject","inLanguage":"pt-BR","@id":"https:\/\/secure.gravatar.com\/avatar\/d1422701180383085e7511b514ea162092d901bbcc4a2c798223f3078a0f1b01?s=96&d=mm&r=g","url":"https:\/\/secure.gravatar.com\/avatar\/d1422701180383085e7511b514ea162092d901bbcc4a2c798223f3078a0f1b01?s=96&d=mm&r=g","contentUrl":"https:\/\/secure.gravatar.com\/avatar\/d1422701180383085e7511b514ea162092d901bbcc4a2c798223f3078a0f1b01?s=96&d=mm&r=g","caption":"FinalBossGeek"},"sameAs":["http:\/\/finalbossgeek.com.br"],"url":"https:\/\/finalbossgeek.com.br\/?author=1"}]}},"_links":{"self":[{"href":"https:\/\/finalbossgeek.com.br\/index.php?rest_route=\/wp\/v2\/posts\/6165","targetHints":{"allow":["GET"]}}],"collection":[{"href":"https:\/\/finalbossgeek.com.br\/index.php?rest_route=\/wp\/v2\/posts"}],"about":[{"href":"https:\/\/finalbossgeek.com.br\/index.php?rest_route=\/wp\/v2\/types\/post"}],"author":[{"embeddable":true,"href":"https:\/\/finalbossgeek.com.br\/index.php?rest_route=\/wp\/v2\/users\/1"}],"replies":[{"embeddable":true,"href":"https:\/\/finalbossgeek.com.br\/index.php?rest_route=%2Fwp%2Fv2%2Fcomments&post=6165"}],"version-history":[{"count":2,"href":"https:\/\/finalbossgeek.com.br\/index.php?rest_route=\/wp\/v2\/posts\/6165\/revisions"}],"predecessor-version":[{"id":6168,"href":"https:\/\/finalbossgeek.com.br\/index.php?rest_route=\/wp\/v2\/posts\/6165\/revisions\/6168"}],"wp:featuredmedia":[{"embeddable":true,"href":"https:\/\/finalbossgeek.com.br\/index.php?rest_route=\/wp\/v2\/media\/6166"}],"wp:attachment":[{"href":"https:\/\/finalbossgeek.com.br\/index.php?rest_route=%2Fwp%2Fv2%2Fmedia&parent=6165"}],"wp:term":[{"taxonomy":"category","embeddable":true,"href":"https:\/\/finalbossgeek.com.br\/index.php?rest_route=%2Fwp%2Fv2%2Fcategories&post=6165"},{"taxonomy":"post_tag","embeddable":true,"href":"https:\/\/finalbossgeek.com.br\/index.php?rest_route=%2Fwp%2Fv2%2Ftags&post=6165"}],"curies":[{"name":"wp","href":"https:\/\/api.w.org\/{rel}","templated":true}]}}