{"id":6147,"date":"2025-05-13T02:14:01","date_gmt":"2025-05-13T02:14:01","guid":{"rendered":"https:\/\/finalbossgeek.com.br\/?p=6147"},"modified":"2025-05-13T02:14:07","modified_gmt":"2025-05-13T02:14:07","slug":"o-riso-e-a-faca-cinema-brasileiro-afiado-marca-presenca-em-cannes-com-drama-neocolonial-de-tirar-o-folego","status":"publish","type":"post","link":"https:\/\/finalbossgeek.com.br\/?p=6147","title":{"rendered":"O Riso e a Faca: Cinema brasileiro afiado marca presen\u00e7a em Cannes com drama neocolonial de tirar o f\u00f4lego"},"content":{"rendered":"\n<p class=\"has-text-align-center\"><em>Com dire\u00e7\u00e3o do portugu\u00eas Pedro Pinho, produ\u00e7\u00e3o brasileira e trama cortante, o longa entra em destaque na mostra Un Certain Regard no Festival de Cannes 2025 \u2014 a segunda mais prestigiada da competi\u00e7\u00e3o oficial.<\/em><\/p>\n\n\n\n<p><strong>Fala a\u00ed, Boss!<\/strong> Se o cinema \u00e9 uma arma poderosa para provocar, refletir e cortar fundo nas quest\u00f5es do mundo real, <em>&#8220;O Riso e a Faca&#8221;<\/em> est\u00e1 afiado como nunca. O longa, dirigido pelo premiado cineasta <strong>Pedro Pinho<\/strong> (<em>A F\u00e1brica de Nada<\/em>), foi selecionado para a mostra <strong>Un Certain Regard<\/strong>, no prestigiado <strong>Festival de Cannes 2025<\/strong>, elevando o nome do Brasil em uma das maiores vitrines do cinema mundial.<\/p>\n\n\n\n<p>Inspirado na can\u00e7\u00e3o hom\u00f4nima do mestre <strong>Tom Z\u00e9<\/strong>, <em>&#8220;O Riso e a Faca&#8221;<\/em> mergulha nas complexas rela\u00e7\u00f5es de poder e identidade em plena \u00c1frica Ocidental. Com produ\u00e7\u00e3o da brasileira <strong>Bubbles Project<\/strong> e distribui\u00e7\u00e3o nacional pela <strong>Vitrine Filmes<\/strong>, o filme acaba de ganhar novas imagens de bastidores, aumentando o hype antes da estreia oficial em Cannes.<\/p>\n\n\n\n<figure class=\"wp-block-gallery has-nested-images columns-default is-cropped wp-block-gallery-1 is-layout-flex wp-block-gallery-is-layout-flex\">\n<figure class=\"wp-block-image size-large\"><img  title=\"\" loading=\"lazy\" decoding=\"async\" width=\"1024\" height=\"429\" data-id=\"6152\" src=\"https:\/\/finalbossgeek.com.br\/wp-content\/uploads\/2025\/05\/ORisoeaFaca_01jpg-1024x429.jpg\"  alt=\"ORisoeaFaca_01jpg-1024x429 O Riso e a Faca: Cinema brasileiro afiado marca presen\u00e7a em Cannes com drama neocolonial de tirar o f\u00f4lego\"  class=\"wp-image-6152\" srcset=\"https:\/\/finalbossgeek.com.br\/wp-content\/uploads\/2025\/05\/ORisoeaFaca_01jpg-1024x429.jpg 1024w, https:\/\/finalbossgeek.com.br\/wp-content\/uploads\/2025\/05\/ORisoeaFaca_01jpg-300x126.jpg 300w, https:\/\/finalbossgeek.com.br\/wp-content\/uploads\/2025\/05\/ORisoeaFaca_01jpg-768x322.jpg 768w, https:\/\/finalbossgeek.com.br\/wp-content\/uploads\/2025\/05\/ORisoeaFaca_01jpg-1536x644.jpg 1536w, https:\/\/finalbossgeek.com.br\/wp-content\/uploads\/2025\/05\/ORisoeaFaca_01jpg.jpg 2048w\" sizes=\"auto, (max-width: 1024px) 100vw, 1024px\" \/><\/figure>\n\n\n\n<figure class=\"wp-block-image size-large\"><img  title=\"\" loading=\"lazy\" decoding=\"async\" width=\"1024\" height=\"429\" data-id=\"6151\" src=\"https:\/\/finalbossgeek.com.br\/wp-content\/uploads\/2025\/05\/ORisoeaFaca_Still2_Cow-1024x429.jpeg\"  alt=\"ORisoeaFaca_Still2_Cow-1024x429 O Riso e a Faca: Cinema brasileiro afiado marca presen\u00e7a em Cannes com drama neocolonial de tirar o f\u00f4lego\"  class=\"wp-image-6151\" srcset=\"https:\/\/finalbossgeek.com.br\/wp-content\/uploads\/2025\/05\/ORisoeaFaca_Still2_Cow-1024x429.jpeg 1024w, https:\/\/finalbossgeek.com.br\/wp-content\/uploads\/2025\/05\/ORisoeaFaca_Still2_Cow-300x126.jpeg 300w, https:\/\/finalbossgeek.com.br\/wp-content\/uploads\/2025\/05\/ORisoeaFaca_Still2_Cow-768x322.jpeg 768w, https:\/\/finalbossgeek.com.br\/wp-content\/uploads\/2025\/05\/ORisoeaFaca_Still2_Cow-1536x644.jpeg 1536w, https:\/\/finalbossgeek.com.br\/wp-content\/uploads\/2025\/05\/ORisoeaFaca_Still2_Cow.jpeg 2048w\" sizes=\"auto, (max-width: 1024px) 100vw, 1024px\" \/><\/figure>\n\n\n\n<figure class=\"wp-block-image size-large\"><img  title=\"\" loading=\"lazy\" decoding=\"async\" width=\"1024\" height=\"429\" data-id=\"6150\" src=\"https:\/\/finalbossgeek.com.br\/wp-content\/uploads\/2025\/05\/ORisoeaFaca_Still3_DiaraeGui-1024x429.jpeg\"  alt=\"ORisoeaFaca_Still3_DiaraeGui-1024x429 O Riso e a Faca: Cinema brasileiro afiado marca presen\u00e7a em Cannes com drama neocolonial de tirar o f\u00f4lego\"  class=\"wp-image-6150\" srcset=\"https:\/\/finalbossgeek.com.br\/wp-content\/uploads\/2025\/05\/ORisoeaFaca_Still3_DiaraeGui-1024x429.jpeg 1024w, https:\/\/finalbossgeek.com.br\/wp-content\/uploads\/2025\/05\/ORisoeaFaca_Still3_DiaraeGui-300x126.jpeg 300w, https:\/\/finalbossgeek.com.br\/wp-content\/uploads\/2025\/05\/ORisoeaFaca_Still3_DiaraeGui-768x322.jpeg 768w, https:\/\/finalbossgeek.com.br\/wp-content\/uploads\/2025\/05\/ORisoeaFaca_Still3_DiaraeGui-1536x644.jpeg 1536w, https:\/\/finalbossgeek.com.br\/wp-content\/uploads\/2025\/05\/ORisoeaFaca_Still3_DiaraeGui.jpeg 2048w\" sizes=\"auto, (max-width: 1024px) 100vw, 1024px\" \/><\/figure>\n\n\n\n<figure class=\"wp-block-image size-large\"><img  title=\"\" loading=\"lazy\" decoding=\"async\" width=\"1024\" height=\"429\" data-id=\"6149\" src=\"https:\/\/finalbossgeek.com.br\/wp-content\/uploads\/2025\/05\/ORisoeaFaca_Still6_DiaraeSergioCarro-1-1024x429.jpeg\"  alt=\"ORisoeaFaca_Still6_DiaraeSergioCarro-1-1024x429 O Riso e a Faca: Cinema brasileiro afiado marca presen\u00e7a em Cannes com drama neocolonial de tirar o f\u00f4lego\"  class=\"wp-image-6149\" srcset=\"https:\/\/finalbossgeek.com.br\/wp-content\/uploads\/2025\/05\/ORisoeaFaca_Still6_DiaraeSergioCarro-1-1024x429.jpeg 1024w, https:\/\/finalbossgeek.com.br\/wp-content\/uploads\/2025\/05\/ORisoeaFaca_Still6_DiaraeSergioCarro-1-300x126.jpeg 300w, https:\/\/finalbossgeek.com.br\/wp-content\/uploads\/2025\/05\/ORisoeaFaca_Still6_DiaraeSergioCarro-1-768x322.jpeg 768w, https:\/\/finalbossgeek.com.br\/wp-content\/uploads\/2025\/05\/ORisoeaFaca_Still6_DiaraeSergioCarro-1-1536x644.jpeg 1536w, https:\/\/finalbossgeek.com.br\/wp-content\/uploads\/2025\/05\/ORisoeaFaca_Still6_DiaraeSergioCarro-1.jpeg 2048w\" sizes=\"auto, (max-width: 1024px) 100vw, 1024px\" \/><\/figure>\n<\/figure>\n\n\n\n<h3 class=\"wp-block-heading\">\ud83c\udfac <strong>Sinopse: onde riso e faca se encontram<\/strong><\/h3>\n\n\n\n<p>A trama acompanha <strong>S\u00e9rgio<\/strong>, engenheiro ambiental portugu\u00eas, que chega a uma metr\u00f3pole da \u00c1frica Ocidental para trabalhar em um projeto rodovi\u00e1rio entre o deserto e a selva. Mas sua miss\u00e3o t\u00e9cnica logo esbarra nas feridas abertas do neocolonialismo. S\u00e9rgio se envolve em uma rela\u00e7\u00e3o intensa e desequilibrada com <strong>Di\u00e1ra<\/strong> (Cleo Di\u00e1ra) e <strong>Gui<\/strong> (interpretado pelo brasileiro <strong>Jonathan Guilherme<\/strong>), revelando as din\u00e2micas invis\u00edveis de domina\u00e7\u00e3o, resist\u00eancia e pertencimento.<\/p>\n\n\n\n<p>O filme n\u00e3o economiza em densidade: em uma jornada narrativa polif\u00f4nica, ele confronta o espectador com as fronteiras neocoloniais ainda latentes, propondo uma reflex\u00e3o cortante sobre as cicatrizes deixadas pela explora\u00e7\u00e3o hist\u00f3rica e as novas formas de ocupa\u00e7\u00e3o cultural e econ\u00f4mica.<\/p>\n\n\n\n<h3 class=\"wp-block-heading\">\ud83c\udf0d <strong>Bastidores &amp; Representatividade<\/strong><\/h3>\n\n\n\n<p>Filmado em <strong>Guin\u00e9-Bissau<\/strong>, <em>&#8220;O Riso e a Faca&#8221;<\/em> tem forte presen\u00e7a brasileira: al\u00e9m de Jonathan Guilherme, destacam-se <strong>Tatiana Leite<\/strong> (produtora) e <strong>Ivo Lopes Ara\u00fajo<\/strong> (diretor de fotografia). O elenco multicultural conta ainda com S\u00e9rgio Coragem, Cleo Di\u00e1ra, e outros talentos da cena africana e europeia.<\/p>\n\n\n\n<h3 class=\"wp-block-heading\">\ud83c\udfc6 <strong>Pedro Pinho: o artes\u00e3o do cinema social<\/strong><\/h3>\n\n\n\n<p>O diretor portugu\u00eas j\u00e1 \u00e9 velho conhecido dos festivais internacionais. Ap\u00f3s vencer o pr\u00eamio da cr\u00edtica (FIPRESCI) em Cannes com <em>&#8220;A F\u00e1brica de Nada&#8221;<\/em>, ele retorna ao evento com sua vis\u00e3o cr\u00edtica, transformando o cinema em um espa\u00e7o de debate visceral sobre colonialismo, globaliza\u00e7\u00e3o e as contradi\u00e7\u00f5es do mundo contempor\u00e2neo.<\/p>\n\n\n\n<h3 class=\"wp-block-heading\">\ud83d\udee0\ufe0f <strong>Ficha T\u00e9cnica: Um ex\u00e9rcito criativo internacional<\/strong><\/h3>\n\n\n\n<p>Com uma equipe que atravessa <strong>Portugal, Brasil, Fran\u00e7a e Rom\u00eania<\/strong>, a produ\u00e7\u00e3o \u00e9 um verdadeiro crossover cultural. A montagem conta com nomes como <strong>Rita M. Pestana<\/strong>, <strong>Karen Akerman<\/strong> e o pr\u00f3prio Pinho, enquanto a dire\u00e7\u00e3o de arte ficou a cargo de <strong>Camille Lemonnier<\/strong> e <strong>Livia Lattanzio<\/strong>.<\/p>\n\n\n\n<p>O longa tem impressionantes <strong>212 minutos de dura\u00e7\u00e3o<\/strong>, prometendo ser uma das experi\u00eancias cinematogr\u00e1ficas mais profundas (e intensas) da temporada.<\/p>\n","protected":false},"excerpt":{"rendered":"<p>Com dire\u00e7\u00e3o do portugu\u00eas Pedro Pinho, produ\u00e7\u00e3o brasileira e trama cortante, o longa entra em destaque na mostra Un Certain Regard no Festival de Cannes 2025 \u2014 a segunda mais prestigiada da competi\u00e7\u00e3o oficial. Fala a\u00ed, Boss! Se o cinema \u00e9 uma arma poderosa para provocar, refletir e cortar fundo nas quest\u00f5es do mundo real, [&hellip;]<\/p>\n","protected":false},"author":1,"featured_media":6148,"comment_status":"open","ping_status":"open","sticky":false,"template":"","format":"standard","meta":{"footnotes":""},"categories":[7,55],"tags":[],"class_list":["post-6147","post","type-post","status-publish","format-standard","has-post-thumbnail","hentry","category-boss-noticias","category-filmes"],"yoast_head":"<!-- This site is optimized with the Yoast SEO plugin v27.4 - https:\/\/yoast.com\/product\/yoast-seo-wordpress\/ -->\n<title>O Riso e a Faca: Cinema brasileiro afiado marca presen\u00e7a em...<\/title>\n<meta name=\"description\" content=\"Com dire\u00e7\u00e3o do portugu\u00eas Pedro Pinho, produ\u00e7\u00e3o brasileira e trama cortante, o longa entra em destaque na mostra Un Certain Regard...\" \/>\n<meta name=\"robots\" content=\"index, follow, max-snippet:-1, max-image-preview:large, max-video-preview:-1\" \/>\n<link rel=\"canonical\" href=\"https:\/\/finalbossgeek.com.br\/?p=6147\" \/>\n<meta property=\"og:locale\" content=\"pt_BR\" \/>\n<meta property=\"og:type\" content=\"article\" \/>\n<meta property=\"og:title\" content=\"O Riso e a Faca: Cinema brasileiro afiado marca presen\u00e7a em...\" \/>\n<meta property=\"og:description\" content=\"Com dire\u00e7\u00e3o do portugu\u00eas Pedro Pinho, produ\u00e7\u00e3o brasileira e trama cortante, o longa entra em destaque na mostra Un Certain Regard...\" \/>\n<meta property=\"og:url\" content=\"https:\/\/finalbossgeek.com.br\/?p=6147\" \/>\n<meta property=\"og:site_name\" content=\"Final Boss Geek\" \/>\n<meta property=\"article:publisher\" content=\"https:\/\/web.facebook.com\/FinalBossGeek\" \/>\n<meta property=\"article:published_time\" content=\"2025-05-13T02:14:01+00:00\" \/>\n<meta property=\"article:modified_time\" content=\"2025-05-13T02:14:07+00:00\" \/>\n<meta property=\"og:image\" content=\"http:\/\/finalbossgeek.com.br\/wp-content\/uploads\/2025\/05\/ORisoeaFaca_Still6_DiaraeSergioCarro.jpeg\" \/>\n\t<meta property=\"og:image:width\" content=\"2048\" \/>\n\t<meta property=\"og:image:height\" content=\"858\" \/>\n\t<meta property=\"og:image:type\" content=\"image\/jpeg\" \/>\n<meta name=\"author\" content=\"FinalBossGeek\" \/>\n<meta name=\"twitter:card\" content=\"summary_large_image\" \/>\n<meta name=\"twitter:label1\" content=\"Escrito por\" \/>\n\t<meta name=\"twitter:data1\" content=\"FinalBossGeek\" \/>\n\t<meta name=\"twitter:label2\" content=\"Est. tempo de leitura\" \/>\n\t<meta name=\"twitter:data2\" content=\"4 minutos\" \/>\n<script type=\"application\/ld+json\" class=\"yoast-schema-graph\">{\"@context\":\"https:\\\/\\\/schema.org\",\"@graph\":[{\"@type\":\"Article\",\"@id\":\"https:\\\/\\\/finalbossgeek.com.br\\\/?p=6147#article\",\"isPartOf\":{\"@id\":\"https:\\\/\\\/finalbossgeek.com.br\\\/?p=6147\"},\"author\":{\"name\":\"FinalBossGeek\",\"@id\":\"https:\\\/\\\/finalbossgeek.com.br\\\/#\\\/schema\\\/person\\\/efefe4df9547729a54251a02081297cd\"},\"headline\":\"O Riso e a Faca: Cinema brasileiro afiado marca presen\u00e7a em Cannes com drama neocolonial de tirar o f\u00f4lego\",\"datePublished\":\"2025-05-13T02:14:01+00:00\",\"dateModified\":\"2025-05-13T02:14:07+00:00\",\"mainEntityOfPage\":{\"@id\":\"https:\\\/\\\/finalbossgeek.com.br\\\/?p=6147\"},\"wordCount\":524,\"commentCount\":0,\"publisher\":{\"@id\":\"https:\\\/\\\/finalbossgeek.com.br\\\/#organization\"},\"image\":{\"@id\":\"https:\\\/\\\/finalbossgeek.com.br\\\/?p=6147#primaryimage\"},\"thumbnailUrl\":\"https:\\\/\\\/finalbossgeek.com.br\\\/wp-content\\\/uploads\\\/2025\\\/05\\\/ORisoeaFaca_Still6_DiaraeSergioCarro.jpeg\",\"articleSection\":[\"BossNot\u00edcias\",\"Filmes\"],\"inLanguage\":\"pt-BR\",\"potentialAction\":[{\"@type\":\"CommentAction\",\"name\":\"Comment\",\"target\":[\"https:\\\/\\\/finalbossgeek.com.br\\\/?p=6147#respond\"]}]},{\"@type\":\"WebPage\",\"@id\":\"https:\\\/\\\/finalbossgeek.com.br\\\/?p=6147\",\"url\":\"https:\\\/\\\/finalbossgeek.com.br\\\/?p=6147\",\"name\":\"O Riso e a Faca: Cinema brasileiro afiado marca presen\u00e7a em...\",\"isPartOf\":{\"@id\":\"https:\\\/\\\/finalbossgeek.com.br\\\/#website\"},\"primaryImageOfPage\":{\"@id\":\"https:\\\/\\\/finalbossgeek.com.br\\\/?p=6147#primaryimage\"},\"image\":{\"@id\":\"https:\\\/\\\/finalbossgeek.com.br\\\/?p=6147#primaryimage\"},\"thumbnailUrl\":\"https:\\\/\\\/finalbossgeek.com.br\\\/wp-content\\\/uploads\\\/2025\\\/05\\\/ORisoeaFaca_Still6_DiaraeSergioCarro.jpeg\",\"datePublished\":\"2025-05-13T02:14:01+00:00\",\"dateModified\":\"2025-05-13T02:14:07+00:00\",\"description\":\"Com dire\u00e7\u00e3o do portugu\u00eas Pedro Pinho, produ\u00e7\u00e3o brasileira e trama cortante, o longa entra em destaque na mostra Un Certain Regard...\",\"breadcrumb\":{\"@id\":\"https:\\\/\\\/finalbossgeek.com.br\\\/?p=6147#breadcrumb\"},\"inLanguage\":\"pt-BR\",\"potentialAction\":[{\"@type\":\"ReadAction\",\"target\":[\"https:\\\/\\\/finalbossgeek.com.br\\\/?p=6147\"]}]},{\"@type\":\"ImageObject\",\"inLanguage\":\"pt-BR\",\"@id\":\"https:\\\/\\\/finalbossgeek.com.br\\\/?p=6147#primaryimage\",\"url\":\"https:\\\/\\\/finalbossgeek.com.br\\\/wp-content\\\/uploads\\\/2025\\\/05\\\/ORisoeaFaca_Still6_DiaraeSergioCarro.jpeg\",\"contentUrl\":\"https:\\\/\\\/finalbossgeek.com.br\\\/wp-content\\\/uploads\\\/2025\\\/05\\\/ORisoeaFaca_Still6_DiaraeSergioCarro.jpeg\",\"width\":2048,\"height\":858},{\"@type\":\"BreadcrumbList\",\"@id\":\"https:\\\/\\\/finalbossgeek.com.br\\\/?p=6147#breadcrumb\",\"itemListElement\":[{\"@type\":\"ListItem\",\"position\":1,\"name\":\"In\u00edcio\",\"item\":\"https:\\\/\\\/finalbossgeek.com.br\\\/\"},{\"@type\":\"ListItem\",\"position\":2,\"name\":\"O Riso e a Faca: Cinema brasileiro afiado marca presen\u00e7a em Cannes com drama neocolonial de tirar o f\u00f4lego\"}]},{\"@type\":\"WebSite\",\"@id\":\"https:\\\/\\\/finalbossgeek.com.br\\\/#website\",\"url\":\"https:\\\/\\\/finalbossgeek.com.br\\\/\",\"name\":\"Final Boss Geek\",\"description\":\"&quot;A sua casa do entretenimento nerd&quot;\",\"publisher\":{\"@id\":\"https:\\\/\\\/finalbossgeek.com.br\\\/#organization\"},\"potentialAction\":[{\"@type\":\"SearchAction\",\"target\":{\"@type\":\"EntryPoint\",\"urlTemplate\":\"https:\\\/\\\/finalbossgeek.com.br\\\/?s={search_term_string}\"},\"query-input\":{\"@type\":\"PropertyValueSpecification\",\"valueRequired\":true,\"valueName\":\"search_term_string\"}}],\"inLanguage\":\"pt-BR\"},{\"@type\":\"Organization\",\"@id\":\"https:\\\/\\\/finalbossgeek.com.br\\\/#organization\",\"name\":\"Final Boss Geek\",\"url\":\"https:\\\/\\\/finalbossgeek.com.br\\\/\",\"logo\":{\"@type\":\"ImageObject\",\"inLanguage\":\"pt-BR\",\"@id\":\"https:\\\/\\\/finalbossgeek.com.br\\\/#\\\/schema\\\/logo\\\/image\\\/\",\"url\":\"https:\\\/\\\/finalbossgeek.com.br\\\/wp-content\\\/uploads\\\/2026\\\/04\\\/cropped-Icone-Site-2.png\",\"contentUrl\":\"https:\\\/\\\/finalbossgeek.com.br\\\/wp-content\\\/uploads\\\/2026\\\/04\\\/cropped-Icone-Site-2.png\",\"width\":512,\"height\":512,\"caption\":\"Final Boss Geek\"},\"image\":{\"@id\":\"https:\\\/\\\/finalbossgeek.com.br\\\/#\\\/schema\\\/logo\\\/image\\\/\"},\"sameAs\":[\"https:\\\/\\\/web.facebook.com\\\/FinalBossGeek\",\"https:\\\/\\\/www.instagram.com\\\/finalbossgeek\\\/\",\"https:\\\/\\\/www.twitch.tv\\\/finalbossgeek\",\"https:\\\/\\\/www.linkedin.com\\\/company\\\/finalbossgeek\\\/?viewAsMember=true\",\"https:\\\/\\\/www.tiktok.com\\\/@finalbossgeek\"]},{\"@type\":\"Person\",\"@id\":\"https:\\\/\\\/finalbossgeek.com.br\\\/#\\\/schema\\\/person\\\/efefe4df9547729a54251a02081297cd\",\"name\":\"FinalBossGeek\",\"image\":{\"@type\":\"ImageObject\",\"inLanguage\":\"pt-BR\",\"@id\":\"https:\\\/\\\/secure.gravatar.com\\\/avatar\\\/d1422701180383085e7511b514ea162092d901bbcc4a2c798223f3078a0f1b01?s=96&d=mm&r=g\",\"url\":\"https:\\\/\\\/secure.gravatar.com\\\/avatar\\\/d1422701180383085e7511b514ea162092d901bbcc4a2c798223f3078a0f1b01?s=96&d=mm&r=g\",\"contentUrl\":\"https:\\\/\\\/secure.gravatar.com\\\/avatar\\\/d1422701180383085e7511b514ea162092d901bbcc4a2c798223f3078a0f1b01?s=96&d=mm&r=g\",\"caption\":\"FinalBossGeek\"},\"sameAs\":[\"http:\\\/\\\/finalbossgeek.com.br\"],\"url\":\"https:\\\/\\\/finalbossgeek.com.br\\\/?author=1\"}]}<\/script>\n<!-- \/ Yoast SEO plugin. -->","yoast_head_json":{"title":"O Riso e a Faca: Cinema brasileiro afiado marca presen\u00e7a em...","description":"Com dire\u00e7\u00e3o do portugu\u00eas Pedro Pinho, produ\u00e7\u00e3o brasileira e trama cortante, o longa entra em destaque na mostra Un Certain Regard...","robots":{"index":"index","follow":"follow","max-snippet":"max-snippet:-1","max-image-preview":"max-image-preview:large","max-video-preview":"max-video-preview:-1"},"canonical":"https:\/\/finalbossgeek.com.br\/?p=6147","og_locale":"pt_BR","og_type":"article","og_title":"O Riso e a Faca: Cinema brasileiro afiado marca presen\u00e7a em...","og_description":"Com dire\u00e7\u00e3o do portugu\u00eas Pedro Pinho, produ\u00e7\u00e3o brasileira e trama cortante, o longa entra em destaque na mostra Un Certain Regard...","og_url":"https:\/\/finalbossgeek.com.br\/?p=6147","og_site_name":"Final Boss Geek","article_publisher":"https:\/\/web.facebook.com\/FinalBossGeek","article_published_time":"2025-05-13T02:14:01+00:00","article_modified_time":"2025-05-13T02:14:07+00:00","og_image":[{"width":2048,"height":858,"url":"http:\/\/finalbossgeek.com.br\/wp-content\/uploads\/2025\/05\/ORisoeaFaca_Still6_DiaraeSergioCarro.jpeg","type":"image\/jpeg"}],"author":"FinalBossGeek","twitter_card":"summary_large_image","twitter_misc":{"Escrito por":"FinalBossGeek","Est. tempo de leitura":"4 minutos"},"schema":{"@context":"https:\/\/schema.org","@graph":[{"@type":"Article","@id":"https:\/\/finalbossgeek.com.br\/?p=6147#article","isPartOf":{"@id":"https:\/\/finalbossgeek.com.br\/?p=6147"},"author":{"name":"FinalBossGeek","@id":"https:\/\/finalbossgeek.com.br\/#\/schema\/person\/efefe4df9547729a54251a02081297cd"},"headline":"O Riso e a Faca: Cinema brasileiro afiado marca presen\u00e7a em Cannes com drama neocolonial de tirar o f\u00f4lego","datePublished":"2025-05-13T02:14:01+00:00","dateModified":"2025-05-13T02:14:07+00:00","mainEntityOfPage":{"@id":"https:\/\/finalbossgeek.com.br\/?p=6147"},"wordCount":524,"commentCount":0,"publisher":{"@id":"https:\/\/finalbossgeek.com.br\/#organization"},"image":{"@id":"https:\/\/finalbossgeek.com.br\/?p=6147#primaryimage"},"thumbnailUrl":"https:\/\/finalbossgeek.com.br\/wp-content\/uploads\/2025\/05\/ORisoeaFaca_Still6_DiaraeSergioCarro.jpeg","articleSection":["BossNot\u00edcias","Filmes"],"inLanguage":"pt-BR","potentialAction":[{"@type":"CommentAction","name":"Comment","target":["https:\/\/finalbossgeek.com.br\/?p=6147#respond"]}]},{"@type":"WebPage","@id":"https:\/\/finalbossgeek.com.br\/?p=6147","url":"https:\/\/finalbossgeek.com.br\/?p=6147","name":"O Riso e a Faca: Cinema brasileiro afiado marca presen\u00e7a em...","isPartOf":{"@id":"https:\/\/finalbossgeek.com.br\/#website"},"primaryImageOfPage":{"@id":"https:\/\/finalbossgeek.com.br\/?p=6147#primaryimage"},"image":{"@id":"https:\/\/finalbossgeek.com.br\/?p=6147#primaryimage"},"thumbnailUrl":"https:\/\/finalbossgeek.com.br\/wp-content\/uploads\/2025\/05\/ORisoeaFaca_Still6_DiaraeSergioCarro.jpeg","datePublished":"2025-05-13T02:14:01+00:00","dateModified":"2025-05-13T02:14:07+00:00","description":"Com dire\u00e7\u00e3o do portugu\u00eas Pedro Pinho, produ\u00e7\u00e3o brasileira e trama cortante, o longa entra em destaque na mostra Un Certain Regard...","breadcrumb":{"@id":"https:\/\/finalbossgeek.com.br\/?p=6147#breadcrumb"},"inLanguage":"pt-BR","potentialAction":[{"@type":"ReadAction","target":["https:\/\/finalbossgeek.com.br\/?p=6147"]}]},{"@type":"ImageObject","inLanguage":"pt-BR","@id":"https:\/\/finalbossgeek.com.br\/?p=6147#primaryimage","url":"https:\/\/finalbossgeek.com.br\/wp-content\/uploads\/2025\/05\/ORisoeaFaca_Still6_DiaraeSergioCarro.jpeg","contentUrl":"https:\/\/finalbossgeek.com.br\/wp-content\/uploads\/2025\/05\/ORisoeaFaca_Still6_DiaraeSergioCarro.jpeg","width":2048,"height":858},{"@type":"BreadcrumbList","@id":"https:\/\/finalbossgeek.com.br\/?p=6147#breadcrumb","itemListElement":[{"@type":"ListItem","position":1,"name":"In\u00edcio","item":"https:\/\/finalbossgeek.com.br\/"},{"@type":"ListItem","position":2,"name":"O Riso e a Faca: Cinema brasileiro afiado marca presen\u00e7a em Cannes com drama neocolonial de tirar o f\u00f4lego"}]},{"@type":"WebSite","@id":"https:\/\/finalbossgeek.com.br\/#website","url":"https:\/\/finalbossgeek.com.br\/","name":"Final Boss Geek","description":"&quot;A sua casa do entretenimento nerd&quot;","publisher":{"@id":"https:\/\/finalbossgeek.com.br\/#organization"},"potentialAction":[{"@type":"SearchAction","target":{"@type":"EntryPoint","urlTemplate":"https:\/\/finalbossgeek.com.br\/?s={search_term_string}"},"query-input":{"@type":"PropertyValueSpecification","valueRequired":true,"valueName":"search_term_string"}}],"inLanguage":"pt-BR"},{"@type":"Organization","@id":"https:\/\/finalbossgeek.com.br\/#organization","name":"Final Boss Geek","url":"https:\/\/finalbossgeek.com.br\/","logo":{"@type":"ImageObject","inLanguage":"pt-BR","@id":"https:\/\/finalbossgeek.com.br\/#\/schema\/logo\/image\/","url":"https:\/\/finalbossgeek.com.br\/wp-content\/uploads\/2026\/04\/cropped-Icone-Site-2.png","contentUrl":"https:\/\/finalbossgeek.com.br\/wp-content\/uploads\/2026\/04\/cropped-Icone-Site-2.png","width":512,"height":512,"caption":"Final Boss Geek"},"image":{"@id":"https:\/\/finalbossgeek.com.br\/#\/schema\/logo\/image\/"},"sameAs":["https:\/\/web.facebook.com\/FinalBossGeek","https:\/\/www.instagram.com\/finalbossgeek\/","https:\/\/www.twitch.tv\/finalbossgeek","https:\/\/www.linkedin.com\/company\/finalbossgeek\/?viewAsMember=true","https:\/\/www.tiktok.com\/@finalbossgeek"]},{"@type":"Person","@id":"https:\/\/finalbossgeek.com.br\/#\/schema\/person\/efefe4df9547729a54251a02081297cd","name":"FinalBossGeek","image":{"@type":"ImageObject","inLanguage":"pt-BR","@id":"https:\/\/secure.gravatar.com\/avatar\/d1422701180383085e7511b514ea162092d901bbcc4a2c798223f3078a0f1b01?s=96&d=mm&r=g","url":"https:\/\/secure.gravatar.com\/avatar\/d1422701180383085e7511b514ea162092d901bbcc4a2c798223f3078a0f1b01?s=96&d=mm&r=g","contentUrl":"https:\/\/secure.gravatar.com\/avatar\/d1422701180383085e7511b514ea162092d901bbcc4a2c798223f3078a0f1b01?s=96&d=mm&r=g","caption":"FinalBossGeek"},"sameAs":["http:\/\/finalbossgeek.com.br"],"url":"https:\/\/finalbossgeek.com.br\/?author=1"}]}},"_links":{"self":[{"href":"https:\/\/finalbossgeek.com.br\/index.php?rest_route=\/wp\/v2\/posts\/6147","targetHints":{"allow":["GET"]}}],"collection":[{"href":"https:\/\/finalbossgeek.com.br\/index.php?rest_route=\/wp\/v2\/posts"}],"about":[{"href":"https:\/\/finalbossgeek.com.br\/index.php?rest_route=\/wp\/v2\/types\/post"}],"author":[{"embeddable":true,"href":"https:\/\/finalbossgeek.com.br\/index.php?rest_route=\/wp\/v2\/users\/1"}],"replies":[{"embeddable":true,"href":"https:\/\/finalbossgeek.com.br\/index.php?rest_route=%2Fwp%2Fv2%2Fcomments&post=6147"}],"version-history":[{"count":2,"href":"https:\/\/finalbossgeek.com.br\/index.php?rest_route=\/wp\/v2\/posts\/6147\/revisions"}],"predecessor-version":[{"id":6154,"href":"https:\/\/finalbossgeek.com.br\/index.php?rest_route=\/wp\/v2\/posts\/6147\/revisions\/6154"}],"wp:featuredmedia":[{"embeddable":true,"href":"https:\/\/finalbossgeek.com.br\/index.php?rest_route=\/wp\/v2\/media\/6148"}],"wp:attachment":[{"href":"https:\/\/finalbossgeek.com.br\/index.php?rest_route=%2Fwp%2Fv2%2Fmedia&parent=6147"}],"wp:term":[{"taxonomy":"category","embeddable":true,"href":"https:\/\/finalbossgeek.com.br\/index.php?rest_route=%2Fwp%2Fv2%2Fcategories&post=6147"},{"taxonomy":"post_tag","embeddable":true,"href":"https:\/\/finalbossgeek.com.br\/index.php?rest_route=%2Fwp%2Fv2%2Ftags&post=6147"}],"curies":[{"name":"wp","href":"https:\/\/api.w.org\/{rel}","templated":true}]}}