{"id":5934,"date":"2025-04-05T20:13:47","date_gmt":"2025-04-05T20:13:47","guid":{"rendered":"https:\/\/finalbossgeek.com.br\/?p=5934"},"modified":"2025-04-05T20:13:54","modified_gmt":"2025-04-05T20:13:54","slug":"antonio-bandeira-o-poeta-das-cores-ganha-trailer-e-poster-e-estreia-nos-cinemas-em-abril","status":"publish","type":"post","link":"https:\/\/finalbossgeek.com.br\/?p=5934","title":{"rendered":"\u201cAntonio Bandeira: O Poeta das Cores\u201d ganha trailer e p\u00f4ster e estreia nos cinemas em abril"},"content":{"rendered":"\n<p class=\"has-text-align-center\"><em>Document\u00e1rio dirigido por Joe Pimentel, com narrativa conduzida pelo sobrinho do artista, revela a trajet\u00f3ria e a alma criativa de um dos maiores nomes da arte abstrata brasileira<\/em><\/p>\n\n\n\n<p>O universo crom\u00e1tico e emocional de <strong>Antonio Bandeira<\/strong>, um dos maiores expoentes da arte moderna brasileira, ganha novos contornos no document\u00e1rio <strong>\u201cAntonio Bandeira \u2013 O Poeta das Cores\u201d<\/strong>, que acaba de ter <strong>seu trailer e p\u00f4ster oficiais divulgados<\/strong>. Com lan\u00e7amento nacional marcado para <strong>10 de abril<\/strong>, o filme tem dire\u00e7\u00e3o de <strong>Joe Pimentel<\/strong> e distribui\u00e7\u00e3o da <strong>Sereia Filmes<\/strong>. A produ\u00e7\u00e3o \u00e9 conduzida por <strong>Francisco Bandeira<\/strong>, sobrinho do artista, e oferece um mergulho profundo na hist\u00f3ria, nas obras e no legado do pintor cearense que conquistou a Europa com sua arte intensa e intuitiva.<\/p>\n\n\n\n<p>Premiado no <strong>Cine Cear\u00e1 2023<\/strong>, onde levou o Trof\u00e9u Mucuripe de <strong>Melhor Longa da Mostra Olhar do Cear\u00e1<\/strong>, o document\u00e1rio vai al\u00e9m do retrato biogr\u00e1fico. Ele se prop\u00f5e a <strong>desvendar a alma do artista<\/strong>, reunindo depoimentos de curadores, cr\u00edticos e colegas de profiss\u00e3o que analisam a evolu\u00e7\u00e3o t\u00e9cnica e est\u00e9tica de sua obra, al\u00e9m de contextualizar sua import\u00e2ncia dentro e fora do Brasil.<\/p>\n\n\n\n<figure class=\"wp-block-embed aligncenter is-type-video is-provider-youtube wp-block-embed-youtube wp-embed-aspect-16-9 wp-has-aspect-ratio\"><div class=\"wp-block-embed__wrapper\">\n<iframe loading=\"lazy\" title=\"Antonio Bandeira - O Poeta das Cores\" width=\"640\" height=\"360\" src=\"https:\/\/www.youtube.com\/embed\/xsO220rKIuI?feature=oembed\" frameborder=\"0\" allow=\"accelerometer; autoplay; clipboard-write; encrypted-media; gyroscope; picture-in-picture; web-share\" referrerpolicy=\"strict-origin-when-cross-origin\" allowfullscreen><\/iframe>\n<\/div><\/figure>\n\n\n\n<p>Nascido em <strong>Fortaleza, em 1922<\/strong>, Bandeira teve uma trajet\u00f3ria marcada por rupturas e reinven\u00e7\u00f5es. Ap\u00f3s os primeiros passos no cen\u00e1rio art\u00edstico cearense, foi para o <strong>Rio de Janeiro<\/strong> em 1945 e, em seguida, para <strong>Paris<\/strong>, onde estudou em prestigiadas academias antes de romper com o ensino acad\u00eamico e buscar novas formas de express\u00e3o atrav\u00e9s do <strong>cubismo, do fauvismo e, mais tarde, do abstracionismo l\u00edrico<\/strong>. Na capital francesa, fez hist\u00f3ria ao lado de artistas como Camille Bryen e Wols, com quem fundou o grupo <strong>Banbryols<\/strong>, expandindo sua atua\u00e7\u00e3o para sal\u00f5es de arte internacionais.<\/p>\n\n\n\n<p>O document\u00e1rio acompanha essa jornada de transforma\u00e7\u00e3o \u2014 desde as primeiras pinceladas em Fortaleza at\u00e9 o reconhecimento em sal\u00f5es europeus, passando pela participa\u00e7\u00e3o nas duas primeiras Bienais de S\u00e3o Paulo e pela amizade com nomes como <strong>Pietro Maria Bardi<\/strong>, que o descreveu como \u201cinconfund\u00edvel\u201d.<\/p>\n\n\n\n<p>Al\u00e9m de sua pintura vibrante e experimental, o longa tamb\u00e9m apresenta facetas menos conhecidas do artista, como seu trabalho com <strong>poemas e litogravuras<\/strong>, sua inclus\u00e3o de materiais inusitados como <strong>mi\u00e7angas e isopor<\/strong> nas telas, e sua busca incans\u00e1vel por uma linguagem pr\u00f3pria \u2014 que, para ele, <strong>\u201cn\u00e3o era pintar quadros, mas fazer pintura\u201d<\/strong>.<\/p>\n","protected":false},"excerpt":{"rendered":"<p>Document\u00e1rio dirigido por Joe Pimentel, com narrativa conduzida pelo sobrinho do artista, revela a trajet\u00f3ria e a alma criativa de um dos maiores nomes da arte abstrata brasileira O universo crom\u00e1tico e emocional de Antonio Bandeira, um dos maiores expoentes da arte moderna brasileira, ganha novos contornos no document\u00e1rio \u201cAntonio Bandeira \u2013 O Poeta das [&hellip;]<\/p>\n","protected":false},"author":1,"featured_media":5935,"comment_status":"open","ping_status":"open","sticky":false,"template":"","format":"standard","meta":{"footnotes":""},"categories":[7,55],"tags":[],"class_list":["post-5934","post","type-post","status-publish","format-standard","has-post-thumbnail","hentry","category-boss-noticias","category-filmes"],"yoast_head":"<!-- This site is optimized with the Yoast SEO plugin v27.4 - https:\/\/yoast.com\/product\/yoast-seo-wordpress\/ -->\n<title>\u201cAntonio Bandeira: O Poeta das Cores\u201d ganha trailer e p\u00f4ster e...<\/title>\n<meta name=\"description\" content=\"O universo crom\u00e1tico e emocional de Antonio Bandeira, um dos maiores expoentes da arte moderna brasileira, ganha novos contornos no doc...\" \/>\n<meta name=\"robots\" content=\"index, follow, max-snippet:-1, max-image-preview:large, max-video-preview:-1\" \/>\n<link rel=\"canonical\" href=\"https:\/\/finalbossgeek.com.br\/?p=5934\" \/>\n<meta property=\"og:locale\" content=\"pt_BR\" \/>\n<meta property=\"og:type\" content=\"article\" \/>\n<meta property=\"og:title\" content=\"\u201cAntonio Bandeira: O Poeta das Cores\u201d ganha trailer e p\u00f4ster e...\" \/>\n<meta property=\"og:description\" content=\"O universo crom\u00e1tico e emocional de Antonio Bandeira, um dos maiores expoentes da arte moderna brasileira, ganha novos contornos no doc...\" \/>\n<meta property=\"og:url\" content=\"https:\/\/finalbossgeek.com.br\/?p=5934\" \/>\n<meta property=\"og:site_name\" content=\"Final Boss Geek\" \/>\n<meta property=\"article:publisher\" content=\"https:\/\/web.facebook.com\/FinalBossGeek\" \/>\n<meta property=\"article:published_time\" content=\"2025-04-05T20:13:47+00:00\" \/>\n<meta property=\"article:modified_time\" content=\"2025-04-05T20:13:54+00:00\" \/>\n<meta property=\"og:image\" content=\"http:\/\/finalbossgeek.com.br\/wp-content\/uploads\/2025\/04\/Capturadetela2025-04-02112902.png\" \/>\n\t<meta property=\"og:image:width\" content=\"473\" \/>\n\t<meta property=\"og:image:height\" content=\"703\" \/>\n\t<meta property=\"og:image:type\" content=\"image\/png\" \/>\n<meta name=\"author\" content=\"FinalBossGeek\" \/>\n<meta name=\"twitter:card\" content=\"summary_large_image\" \/>\n<meta name=\"twitter:label1\" content=\"Escrito por\" \/>\n\t<meta name=\"twitter:data1\" content=\"FinalBossGeek\" \/>\n\t<meta name=\"twitter:label2\" content=\"Est. tempo de leitura\" \/>\n\t<meta name=\"twitter:data2\" content=\"3 minutos\" \/>\n<script type=\"application\/ld+json\" class=\"yoast-schema-graph\">{\"@context\":\"https:\\\/\\\/schema.org\",\"@graph\":[{\"@type\":\"Article\",\"@id\":\"https:\\\/\\\/finalbossgeek.com.br\\\/?p=5934#article\",\"isPartOf\":{\"@id\":\"https:\\\/\\\/finalbossgeek.com.br\\\/?p=5934\"},\"author\":{\"name\":\"FinalBossGeek\",\"@id\":\"https:\\\/\\\/finalbossgeek.com.br\\\/#\\\/schema\\\/person\\\/efefe4df9547729a54251a02081297cd\"},\"headline\":\"\u201cAntonio Bandeira: O Poeta das Cores\u201d ganha trailer e p\u00f4ster e estreia nos cinemas em abril\",\"datePublished\":\"2025-04-05T20:13:47+00:00\",\"dateModified\":\"2025-04-05T20:13:54+00:00\",\"mainEntityOfPage\":{\"@id\":\"https:\\\/\\\/finalbossgeek.com.br\\\/?p=5934\"},\"wordCount\":437,\"commentCount\":0,\"publisher\":{\"@id\":\"https:\\\/\\\/finalbossgeek.com.br\\\/#organization\"},\"image\":{\"@id\":\"https:\\\/\\\/finalbossgeek.com.br\\\/?p=5934#primaryimage\"},\"thumbnailUrl\":\"https:\\\/\\\/finalbossgeek.com.br\\\/wp-content\\\/uploads\\\/2025\\\/04\\\/Capturadetela2025-04-02112902.png\",\"articleSection\":[\"BossNot\u00edcias\",\"Filmes\"],\"inLanguage\":\"pt-BR\",\"potentialAction\":[{\"@type\":\"CommentAction\",\"name\":\"Comment\",\"target\":[\"https:\\\/\\\/finalbossgeek.com.br\\\/?p=5934#respond\"]}]},{\"@type\":\"WebPage\",\"@id\":\"https:\\\/\\\/finalbossgeek.com.br\\\/?p=5934\",\"url\":\"https:\\\/\\\/finalbossgeek.com.br\\\/?p=5934\",\"name\":\"\u201cAntonio Bandeira: O Poeta das Cores\u201d ganha trailer e p\u00f4ster e...\",\"isPartOf\":{\"@id\":\"https:\\\/\\\/finalbossgeek.com.br\\\/#website\"},\"primaryImageOfPage\":{\"@id\":\"https:\\\/\\\/finalbossgeek.com.br\\\/?p=5934#primaryimage\"},\"image\":{\"@id\":\"https:\\\/\\\/finalbossgeek.com.br\\\/?p=5934#primaryimage\"},\"thumbnailUrl\":\"https:\\\/\\\/finalbossgeek.com.br\\\/wp-content\\\/uploads\\\/2025\\\/04\\\/Capturadetela2025-04-02112902.png\",\"datePublished\":\"2025-04-05T20:13:47+00:00\",\"dateModified\":\"2025-04-05T20:13:54+00:00\",\"description\":\"O universo crom\u00e1tico e emocional de Antonio Bandeira, um dos maiores expoentes da arte moderna brasileira, ganha novos contornos no doc...\",\"breadcrumb\":{\"@id\":\"https:\\\/\\\/finalbossgeek.com.br\\\/?p=5934#breadcrumb\"},\"inLanguage\":\"pt-BR\",\"potentialAction\":[{\"@type\":\"ReadAction\",\"target\":[\"https:\\\/\\\/finalbossgeek.com.br\\\/?p=5934\"]}]},{\"@type\":\"ImageObject\",\"inLanguage\":\"pt-BR\",\"@id\":\"https:\\\/\\\/finalbossgeek.com.br\\\/?p=5934#primaryimage\",\"url\":\"https:\\\/\\\/finalbossgeek.com.br\\\/wp-content\\\/uploads\\\/2025\\\/04\\\/Capturadetela2025-04-02112902.png\",\"contentUrl\":\"https:\\\/\\\/finalbossgeek.com.br\\\/wp-content\\\/uploads\\\/2025\\\/04\\\/Capturadetela2025-04-02112902.png\",\"width\":473,\"height\":703},{\"@type\":\"BreadcrumbList\",\"@id\":\"https:\\\/\\\/finalbossgeek.com.br\\\/?p=5934#breadcrumb\",\"itemListElement\":[{\"@type\":\"ListItem\",\"position\":1,\"name\":\"In\u00edcio\",\"item\":\"https:\\\/\\\/finalbossgeek.com.br\\\/\"},{\"@type\":\"ListItem\",\"position\":2,\"name\":\"\u201cAntonio Bandeira: O Poeta das Cores\u201d ganha trailer e p\u00f4ster e estreia nos cinemas em abril\"}]},{\"@type\":\"WebSite\",\"@id\":\"https:\\\/\\\/finalbossgeek.com.br\\\/#website\",\"url\":\"https:\\\/\\\/finalbossgeek.com.br\\\/\",\"name\":\"Final Boss Geek\",\"description\":\"&quot;A sua casa do entretenimento nerd&quot;\",\"publisher\":{\"@id\":\"https:\\\/\\\/finalbossgeek.com.br\\\/#organization\"},\"potentialAction\":[{\"@type\":\"SearchAction\",\"target\":{\"@type\":\"EntryPoint\",\"urlTemplate\":\"https:\\\/\\\/finalbossgeek.com.br\\\/?s={search_term_string}\"},\"query-input\":{\"@type\":\"PropertyValueSpecification\",\"valueRequired\":true,\"valueName\":\"search_term_string\"}}],\"inLanguage\":\"pt-BR\"},{\"@type\":\"Organization\",\"@id\":\"https:\\\/\\\/finalbossgeek.com.br\\\/#organization\",\"name\":\"Final Boss Geek\",\"url\":\"https:\\\/\\\/finalbossgeek.com.br\\\/\",\"logo\":{\"@type\":\"ImageObject\",\"inLanguage\":\"pt-BR\",\"@id\":\"https:\\\/\\\/finalbossgeek.com.br\\\/#\\\/schema\\\/logo\\\/image\\\/\",\"url\":\"https:\\\/\\\/finalbossgeek.com.br\\\/wp-content\\\/uploads\\\/2026\\\/04\\\/cropped-Icone-Site-2.png\",\"contentUrl\":\"https:\\\/\\\/finalbossgeek.com.br\\\/wp-content\\\/uploads\\\/2026\\\/04\\\/cropped-Icone-Site-2.png\",\"width\":512,\"height\":512,\"caption\":\"Final Boss Geek\"},\"image\":{\"@id\":\"https:\\\/\\\/finalbossgeek.com.br\\\/#\\\/schema\\\/logo\\\/image\\\/\"},\"sameAs\":[\"https:\\\/\\\/web.facebook.com\\\/FinalBossGeek\",\"https:\\\/\\\/www.instagram.com\\\/finalbossgeek\\\/\",\"https:\\\/\\\/www.twitch.tv\\\/finalbossgeek\",\"https:\\\/\\\/www.linkedin.com\\\/company\\\/finalbossgeek\\\/?viewAsMember=true\",\"https:\\\/\\\/www.tiktok.com\\\/@finalbossgeek\"]},{\"@type\":\"Person\",\"@id\":\"https:\\\/\\\/finalbossgeek.com.br\\\/#\\\/schema\\\/person\\\/efefe4df9547729a54251a02081297cd\",\"name\":\"FinalBossGeek\",\"image\":{\"@type\":\"ImageObject\",\"inLanguage\":\"pt-BR\",\"@id\":\"https:\\\/\\\/secure.gravatar.com\\\/avatar\\\/d1422701180383085e7511b514ea162092d901bbcc4a2c798223f3078a0f1b01?s=96&d=mm&r=g\",\"url\":\"https:\\\/\\\/secure.gravatar.com\\\/avatar\\\/d1422701180383085e7511b514ea162092d901bbcc4a2c798223f3078a0f1b01?s=96&d=mm&r=g\",\"contentUrl\":\"https:\\\/\\\/secure.gravatar.com\\\/avatar\\\/d1422701180383085e7511b514ea162092d901bbcc4a2c798223f3078a0f1b01?s=96&d=mm&r=g\",\"caption\":\"FinalBossGeek\"},\"sameAs\":[\"http:\\\/\\\/finalbossgeek.com.br\"],\"url\":\"https:\\\/\\\/finalbossgeek.com.br\\\/?author=1\"}]}<\/script>\n<!-- \/ Yoast SEO plugin. -->","yoast_head_json":{"title":"\u201cAntonio Bandeira: O Poeta das Cores\u201d ganha trailer e p\u00f4ster e...","description":"O universo crom\u00e1tico e emocional de Antonio Bandeira, um dos maiores expoentes da arte moderna brasileira, ganha novos contornos no doc...","robots":{"index":"index","follow":"follow","max-snippet":"max-snippet:-1","max-image-preview":"max-image-preview:large","max-video-preview":"max-video-preview:-1"},"canonical":"https:\/\/finalbossgeek.com.br\/?p=5934","og_locale":"pt_BR","og_type":"article","og_title":"\u201cAntonio Bandeira: O Poeta das Cores\u201d ganha trailer e p\u00f4ster e...","og_description":"O universo crom\u00e1tico e emocional de Antonio Bandeira, um dos maiores expoentes da arte moderna brasileira, ganha novos contornos no doc...","og_url":"https:\/\/finalbossgeek.com.br\/?p=5934","og_site_name":"Final Boss Geek","article_publisher":"https:\/\/web.facebook.com\/FinalBossGeek","article_published_time":"2025-04-05T20:13:47+00:00","article_modified_time":"2025-04-05T20:13:54+00:00","og_image":[{"width":473,"height":703,"url":"http:\/\/finalbossgeek.com.br\/wp-content\/uploads\/2025\/04\/Capturadetela2025-04-02112902.png","type":"image\/png"}],"author":"FinalBossGeek","twitter_card":"summary_large_image","twitter_misc":{"Escrito por":"FinalBossGeek","Est. tempo de leitura":"3 minutos"},"schema":{"@context":"https:\/\/schema.org","@graph":[{"@type":"Article","@id":"https:\/\/finalbossgeek.com.br\/?p=5934#article","isPartOf":{"@id":"https:\/\/finalbossgeek.com.br\/?p=5934"},"author":{"name":"FinalBossGeek","@id":"https:\/\/finalbossgeek.com.br\/#\/schema\/person\/efefe4df9547729a54251a02081297cd"},"headline":"\u201cAntonio Bandeira: O Poeta das Cores\u201d ganha trailer e p\u00f4ster e estreia nos cinemas em abril","datePublished":"2025-04-05T20:13:47+00:00","dateModified":"2025-04-05T20:13:54+00:00","mainEntityOfPage":{"@id":"https:\/\/finalbossgeek.com.br\/?p=5934"},"wordCount":437,"commentCount":0,"publisher":{"@id":"https:\/\/finalbossgeek.com.br\/#organization"},"image":{"@id":"https:\/\/finalbossgeek.com.br\/?p=5934#primaryimage"},"thumbnailUrl":"https:\/\/finalbossgeek.com.br\/wp-content\/uploads\/2025\/04\/Capturadetela2025-04-02112902.png","articleSection":["BossNot\u00edcias","Filmes"],"inLanguage":"pt-BR","potentialAction":[{"@type":"CommentAction","name":"Comment","target":["https:\/\/finalbossgeek.com.br\/?p=5934#respond"]}]},{"@type":"WebPage","@id":"https:\/\/finalbossgeek.com.br\/?p=5934","url":"https:\/\/finalbossgeek.com.br\/?p=5934","name":"\u201cAntonio Bandeira: O Poeta das Cores\u201d ganha trailer e p\u00f4ster e...","isPartOf":{"@id":"https:\/\/finalbossgeek.com.br\/#website"},"primaryImageOfPage":{"@id":"https:\/\/finalbossgeek.com.br\/?p=5934#primaryimage"},"image":{"@id":"https:\/\/finalbossgeek.com.br\/?p=5934#primaryimage"},"thumbnailUrl":"https:\/\/finalbossgeek.com.br\/wp-content\/uploads\/2025\/04\/Capturadetela2025-04-02112902.png","datePublished":"2025-04-05T20:13:47+00:00","dateModified":"2025-04-05T20:13:54+00:00","description":"O universo crom\u00e1tico e emocional de Antonio Bandeira, um dos maiores expoentes da arte moderna brasileira, ganha novos contornos no doc...","breadcrumb":{"@id":"https:\/\/finalbossgeek.com.br\/?p=5934#breadcrumb"},"inLanguage":"pt-BR","potentialAction":[{"@type":"ReadAction","target":["https:\/\/finalbossgeek.com.br\/?p=5934"]}]},{"@type":"ImageObject","inLanguage":"pt-BR","@id":"https:\/\/finalbossgeek.com.br\/?p=5934#primaryimage","url":"https:\/\/finalbossgeek.com.br\/wp-content\/uploads\/2025\/04\/Capturadetela2025-04-02112902.png","contentUrl":"https:\/\/finalbossgeek.com.br\/wp-content\/uploads\/2025\/04\/Capturadetela2025-04-02112902.png","width":473,"height":703},{"@type":"BreadcrumbList","@id":"https:\/\/finalbossgeek.com.br\/?p=5934#breadcrumb","itemListElement":[{"@type":"ListItem","position":1,"name":"In\u00edcio","item":"https:\/\/finalbossgeek.com.br\/"},{"@type":"ListItem","position":2,"name":"\u201cAntonio Bandeira: O Poeta das Cores\u201d ganha trailer e p\u00f4ster e estreia nos cinemas em abril"}]},{"@type":"WebSite","@id":"https:\/\/finalbossgeek.com.br\/#website","url":"https:\/\/finalbossgeek.com.br\/","name":"Final Boss Geek","description":"&quot;A sua casa do entretenimento nerd&quot;","publisher":{"@id":"https:\/\/finalbossgeek.com.br\/#organization"},"potentialAction":[{"@type":"SearchAction","target":{"@type":"EntryPoint","urlTemplate":"https:\/\/finalbossgeek.com.br\/?s={search_term_string}"},"query-input":{"@type":"PropertyValueSpecification","valueRequired":true,"valueName":"search_term_string"}}],"inLanguage":"pt-BR"},{"@type":"Organization","@id":"https:\/\/finalbossgeek.com.br\/#organization","name":"Final Boss Geek","url":"https:\/\/finalbossgeek.com.br\/","logo":{"@type":"ImageObject","inLanguage":"pt-BR","@id":"https:\/\/finalbossgeek.com.br\/#\/schema\/logo\/image\/","url":"https:\/\/finalbossgeek.com.br\/wp-content\/uploads\/2026\/04\/cropped-Icone-Site-2.png","contentUrl":"https:\/\/finalbossgeek.com.br\/wp-content\/uploads\/2026\/04\/cropped-Icone-Site-2.png","width":512,"height":512,"caption":"Final Boss Geek"},"image":{"@id":"https:\/\/finalbossgeek.com.br\/#\/schema\/logo\/image\/"},"sameAs":["https:\/\/web.facebook.com\/FinalBossGeek","https:\/\/www.instagram.com\/finalbossgeek\/","https:\/\/www.twitch.tv\/finalbossgeek","https:\/\/www.linkedin.com\/company\/finalbossgeek\/?viewAsMember=true","https:\/\/www.tiktok.com\/@finalbossgeek"]},{"@type":"Person","@id":"https:\/\/finalbossgeek.com.br\/#\/schema\/person\/efefe4df9547729a54251a02081297cd","name":"FinalBossGeek","image":{"@type":"ImageObject","inLanguage":"pt-BR","@id":"https:\/\/secure.gravatar.com\/avatar\/d1422701180383085e7511b514ea162092d901bbcc4a2c798223f3078a0f1b01?s=96&d=mm&r=g","url":"https:\/\/secure.gravatar.com\/avatar\/d1422701180383085e7511b514ea162092d901bbcc4a2c798223f3078a0f1b01?s=96&d=mm&r=g","contentUrl":"https:\/\/secure.gravatar.com\/avatar\/d1422701180383085e7511b514ea162092d901bbcc4a2c798223f3078a0f1b01?s=96&d=mm&r=g","caption":"FinalBossGeek"},"sameAs":["http:\/\/finalbossgeek.com.br"],"url":"https:\/\/finalbossgeek.com.br\/?author=1"}]}},"_links":{"self":[{"href":"https:\/\/finalbossgeek.com.br\/index.php?rest_route=\/wp\/v2\/posts\/5934","targetHints":{"allow":["GET"]}}],"collection":[{"href":"https:\/\/finalbossgeek.com.br\/index.php?rest_route=\/wp\/v2\/posts"}],"about":[{"href":"https:\/\/finalbossgeek.com.br\/index.php?rest_route=\/wp\/v2\/types\/post"}],"author":[{"embeddable":true,"href":"https:\/\/finalbossgeek.com.br\/index.php?rest_route=\/wp\/v2\/users\/1"}],"replies":[{"embeddable":true,"href":"https:\/\/finalbossgeek.com.br\/index.php?rest_route=%2Fwp%2Fv2%2Fcomments&post=5934"}],"version-history":[{"count":2,"href":"https:\/\/finalbossgeek.com.br\/index.php?rest_route=\/wp\/v2\/posts\/5934\/revisions"}],"predecessor-version":[{"id":5937,"href":"https:\/\/finalbossgeek.com.br\/index.php?rest_route=\/wp\/v2\/posts\/5934\/revisions\/5937"}],"wp:featuredmedia":[{"embeddable":true,"href":"https:\/\/finalbossgeek.com.br\/index.php?rest_route=\/wp\/v2\/media\/5935"}],"wp:attachment":[{"href":"https:\/\/finalbossgeek.com.br\/index.php?rest_route=%2Fwp%2Fv2%2Fmedia&parent=5934"}],"wp:term":[{"taxonomy":"category","embeddable":true,"href":"https:\/\/finalbossgeek.com.br\/index.php?rest_route=%2Fwp%2Fv2%2Fcategories&post=5934"},{"taxonomy":"post_tag","embeddable":true,"href":"https:\/\/finalbossgeek.com.br\/index.php?rest_route=%2Fwp%2Fv2%2Ftags&post=5934"}],"curies":[{"name":"wp","href":"https:\/\/api.w.org\/{rel}","templated":true}]}}