{"id":3586,"date":"2024-05-27T14:39:09","date_gmt":"2024-05-27T14:39:09","guid":{"rendered":"https:\/\/finalbossgeek.com.br\/?p=3586"},"modified":"2024-05-27T14:39:12","modified_gmt":"2024-05-27T14:39:12","slug":"prime-video-anuncia-a-data-de-estreia-e-lanca-cartaz-e-teaser-da-serie-de-comedia-toda-familia-tem","status":"publish","type":"post","link":"https:\/\/finalbossgeek.com.br\/?p=3586","title":{"rendered":"Prime Video Anuncia a Data de Estreia e Lan\u00e7a Cartaz e Teaser da S\u00e9rie de Com\u00e9dia Toda Fam\u00edlia Tem"},"content":{"rendered":"\n<p class=\"has-text-align-center\"><em>Todos os sete epis\u00f3dios chegam ao streaming no dia 12 de Julho<\/em><\/p>\n\n\n\n<p>O Prime Video anuncia hoje a data de estreia da primeira temporada de&nbsp;<em>Toda Fam\u00edlia Tem<\/em>. A s\u00e9rie de com\u00e9dia Original Amazon estar\u00e1 dispon\u00edvel a partir de 12 de julho e a novidade veio acompanhada do cartaz e um teaser que mostra o dia a dia de uma fam\u00edlia tipicamente brasileira.&nbsp;<em>Toda Fam\u00edlia Tem&nbsp;<\/em>ser\u00e1 a mais recente adi\u00e7\u00e3o&nbsp;\u00e0 assinatura Prime.&nbsp;Membros Amazon Prime no Brasil desfrutam de economia, conveni\u00eancia e entretenimento, tudo em uma \u00fanica assinatura.<\/p>\n\n\n\n<p>Com dire\u00e7\u00e3o de&nbsp;&nbsp;<a href=\"https:\/\/www.imdb.com\/name\/nm1006796\/?ref_=nv_sr_srsg_0\" target=\"_blank\" rel=\"noreferrer noopener\">Cris D\u2019Amato<\/a>&nbsp;e&nbsp;<a href=\"https:\/\/www.imdb.com\/name\/nm9014012\/?ref_=nv_sr_srsg_0\" target=\"_blank\" rel=\"noreferrer noopener\">Yasmin Thayn\u00e1<\/a>, a com\u00e9dia conta a hist\u00f3ria de P\u00ea (<a href=\"https:\/\/www.imdb.com\/name\/nm12235145\/?ref_=nv_sr_srsg_0\" target=\"_blank\" rel=\"noreferrer noopener\">Pedro Ottoni<\/a>), um jovem de 19 anos cuja rotina muda repentinamente quando ele precisa retornar com a fam\u00edlia para a casa da av\u00f3 no Rio de Janeiro, onde sua vida privilegiada cheia de liberdade e conforto chega ao fim. Ao mesmo tempo em que ele se adapta para conviver com toda a sua fam\u00edlia debaixo do mesmo teto e todas as c\u00f4micas confus\u00f5es da Fam\u00edlia Silva, P\u00ea tamb\u00e9m precisa lidar com seus pr\u00f3prios dilemas e inquieta\u00e7\u00f5es t\u00edpicos de um jovem mimado que busca se encontrar no mundo.<\/p>\n\n\n\n<p>Al\u00e9m de Pedro Ottoni, a s\u00e9rie \u00e9 estrelada por&nbsp;<a href=\"https:\/\/www.imdb.com\/name\/nm0184250\/?ref_=nv_sr_srsg_0\" target=\"_blank\" rel=\"noreferrer noopener\">Solange Couto<\/a>,&nbsp;<a href=\"https:\/\/www.imdb.com\/name\/nm2571814\/?ref_=nv_sr_srsg_0\" target=\"_blank\" rel=\"noreferrer noopener\">\u00c9rico Br\u00e1s<\/a>&nbsp;e&nbsp;<a href=\"https:\/\/www.imdb.com\/name\/nm9567066\/?ref_=nv_sr_srsg_0\" target=\"_blank\" rel=\"noreferrer noopener\">Ma\u00edra Azevedo<\/a>. O elenco ainda conta com&nbsp;<a href=\"https:\/\/www.imdb.com\/name\/nm9685775\/?ref_=nv_sr_srsg_3\" target=\"_blank\" rel=\"noreferrer noopener\">Gabriela Dias<\/a>,<a href=\"https:\/\/www.imdb.com\/name\/nm8513716\/?ref_=nv_sr_srsg_0\" target=\"_blank\" rel=\"noreferrer noopener\">&nbsp;Duda Pimenta<\/a>,<a href=\"https:\/\/www.imdb.com\/name\/nm0521088\/?ref_=fn_al_nm_1\" target=\"_blank\" rel=\"noreferrer noopener\">&nbsp;S\u00e9rgio Loroza<\/a>,<a href=\"https:\/\/www.imdb.com\/name\/nm1138977\/?ref_=nv_sr_srsg_0\" target=\"_blank\" rel=\"noreferrer noopener\">&nbsp;Ramon Francisco<\/a>, Beth\u00e2nia Campos, Caique Ivo,<a href=\"https:\/\/www.imdb.com\/name\/nm5495638\/?ref_=nv_sr_srsg_0\" target=\"_blank\" rel=\"noreferrer noopener\">&nbsp;Pedro Novaes<\/a>&nbsp;e<a href=\"https:\/\/www.imdb.com\/name\/nm0612086\/?ref_=nv_sr_srsg_0\" target=\"_blank\" rel=\"noreferrer noopener\">&nbsp;Anderson Muller<\/a>, entre outros. A s\u00e9rie foi criada por&nbsp;<a href=\"https:\/\/www.imdb.com\/name\/nm12725114\/?ref_=nv_sr_srsg_0\" target=\"_blank\" rel=\"noreferrer noopener\">Mariana Veil,<\/a>&nbsp;<a href=\"https:\/\/www.imdb.com\/name\/nm1178560\/?ref_=nv_sr_srsg_0\" target=\"_blank\" rel=\"noreferrer noopener\">Jonathan Haagensen<\/a>&nbsp;e Pedro Ottoni. A s\u00e9rie tem produ\u00e7\u00e3o da&nbsp;<a href=\"https:\/\/www.instagram.com\/blackpenfilmes\/\" target=\"_blank\" rel=\"noreferrer noopener\">Black Pen Filmes<\/a>&nbsp;e roteiro de&nbsp;<a href=\"https:\/\/www.imdb.com\/name\/nm1120141\/?ref_=nv_sr_srsg_0\" target=\"_blank\" rel=\"noreferrer noopener\">Renata di Carmo<\/a>,&nbsp;<a href=\"https:\/\/www.imdb.com\/name\/nm12235145\/\" target=\"_blank\" rel=\"noreferrer noopener\">Pedro Ottoni<\/a>,&nbsp;<a href=\"https:\/\/www.imdb.com\/name\/nm8834549\/?ref_=fn_al_nm_0\" target=\"_blank\" rel=\"noreferrer noopener\">Guilherme Temponi<\/a>,&nbsp;<a href=\"https:\/\/www.imdb.com\/name\/nm11314507\/?ref_=nv_sr_srsg_0\" target=\"_blank\" rel=\"noreferrer noopener\">Maria Shu<\/a>,&nbsp;&nbsp;<a href=\"https:\/\/www.imdb.com\/name\/nm5674681\/?ref_=nv_sr_srsg_0\" target=\"_blank\" rel=\"noreferrer noopener\">Junior Figueiredo<\/a>&nbsp;e&nbsp;<a href=\"https:\/\/www.imdb.com\/name\/nm7974246\/?ref_=nv_sr_srsg_0\" target=\"_blank\" rel=\"noreferrer noopener\">Vinnicius Morais<\/a>. Mariana Veil, Jonathan Haagensen e Pedro Ottoni tamb\u00e9m s\u00e3o os produtores executivos.<\/p>\n","protected":false},"excerpt":{"rendered":"<p>Todos os sete epis\u00f3dios chegam ao streaming no dia 12 de Julho O Prime Video anuncia hoje a data de estreia da primeira temporada de&nbsp;Toda Fam\u00edlia Tem. A s\u00e9rie de com\u00e9dia Original Amazon estar\u00e1 dispon\u00edvel a partir de 12 de julho e a novidade veio acompanhada do cartaz e um teaser que mostra o dia [&hellip;]<\/p>\n","protected":false},"author":1,"featured_media":3587,"comment_status":"open","ping_status":"open","sticky":false,"template":"","format":"standard","meta":{"footnotes":""},"categories":[7,56],"tags":[],"class_list":["post-3586","post","type-post","status-publish","format-standard","has-post-thumbnail","hentry","category-boss-noticias","category-series"],"yoast_head":"<!-- This site is optimized with the Yoast SEO plugin v27.4 - https:\/\/yoast.com\/product\/yoast-seo-wordpress\/ -->\n<title>Prime Video Anuncia a Data da Com\u00e9dia Toda Fam\u00edlia Tem<\/title>\n<meta name=\"description\" content=\"O Prime Video anuncia hoje a data de estreia da primeira temporada de\u00a0Toda Fam\u00edlia Tem. A s\u00e9rie de com\u00e9dia Original Amazon estar\u00e1 dispon\u00edvel\" \/>\n<meta name=\"robots\" content=\"index, follow, max-snippet:-1, max-image-preview:large, max-video-preview:-1\" \/>\n<link rel=\"canonical\" href=\"https:\/\/finalbossgeek.com.br\/?p=3586\" \/>\n<meta property=\"og:locale\" content=\"pt_BR\" \/>\n<meta property=\"og:type\" content=\"article\" \/>\n<meta property=\"og:title\" content=\"Prime Video Anuncia a Data da Com\u00e9dia Toda Fam\u00edlia Tem\" \/>\n<meta property=\"og:description\" content=\"O Prime Video anuncia hoje a data de estreia da primeira temporada de\u00a0Toda Fam\u00edlia Tem. A s\u00e9rie de com\u00e9dia Original Amazon estar\u00e1 dispon\u00edvel\" \/>\n<meta property=\"og:url\" content=\"https:\/\/finalbossgeek.com.br\/?p=3586\" \/>\n<meta property=\"og:site_name\" content=\"Final Boss Geek\" \/>\n<meta property=\"article:publisher\" content=\"https:\/\/web.facebook.com\/FinalBossGeek\" \/>\n<meta property=\"article:published_time\" content=\"2024-05-27T14:39:09+00:00\" \/>\n<meta property=\"article:modified_time\" content=\"2024-05-27T14:39:12+00:00\" \/>\n<meta property=\"og:image\" content=\"http:\/\/finalbossgeek.com.br\/wp-content\/uploads\/2024\/05\/a58aef8032ede279fc143062d5f6a7ae-scaled.jpg\" \/>\n\t<meta property=\"og:image:width\" content=\"2560\" \/>\n\t<meta property=\"og:image:height\" content=\"1707\" \/>\n\t<meta property=\"og:image:type\" content=\"image\/jpeg\" \/>\n<meta name=\"author\" content=\"FinalBossGeek\" \/>\n<meta name=\"twitter:card\" content=\"summary_large_image\" \/>\n<meta name=\"twitter:label1\" content=\"Escrito por\" \/>\n\t<meta name=\"twitter:data1\" content=\"FinalBossGeek\" \/>\n\t<meta name=\"twitter:label2\" content=\"Est. tempo de leitura\" \/>\n\t<meta name=\"twitter:data2\" content=\"2 minutos\" \/>\n<script type=\"application\/ld+json\" class=\"yoast-schema-graph\">{\"@context\":\"https:\\\/\\\/schema.org\",\"@graph\":[{\"@type\":\"Article\",\"@id\":\"https:\\\/\\\/finalbossgeek.com.br\\\/?p=3586#article\",\"isPartOf\":{\"@id\":\"https:\\\/\\\/finalbossgeek.com.br\\\/?p=3586\"},\"author\":{\"name\":\"FinalBossGeek\",\"@id\":\"https:\\\/\\\/finalbossgeek.com.br\\\/#\\\/schema\\\/person\\\/efefe4df9547729a54251a02081297cd\"},\"headline\":\"Prime Video Anuncia a Data de Estreia e Lan\u00e7a Cartaz e Teaser da S\u00e9rie de Com\u00e9dia Toda Fam\u00edlia Tem\",\"datePublished\":\"2024-05-27T14:39:09+00:00\",\"dateModified\":\"2024-05-27T14:39:12+00:00\",\"mainEntityOfPage\":{\"@id\":\"https:\\\/\\\/finalbossgeek.com.br\\\/?p=3586\"},\"wordCount\":365,\"commentCount\":0,\"publisher\":{\"@id\":\"https:\\\/\\\/finalbossgeek.com.br\\\/#organization\"},\"image\":{\"@id\":\"https:\\\/\\\/finalbossgeek.com.br\\\/?p=3586#primaryimage\"},\"thumbnailUrl\":\"https:\\\/\\\/finalbossgeek.com.br\\\/wp-content\\\/uploads\\\/2024\\\/05\\\/a58aef8032ede279fc143062d5f6a7ae-scaled.jpg\",\"articleSection\":[\"BossNot\u00edcias\",\"S\u00e9ries\"],\"inLanguage\":\"pt-BR\",\"potentialAction\":[{\"@type\":\"CommentAction\",\"name\":\"Comment\",\"target\":[\"https:\\\/\\\/finalbossgeek.com.br\\\/?p=3586#respond\"]}]},{\"@type\":\"WebPage\",\"@id\":\"https:\\\/\\\/finalbossgeek.com.br\\\/?p=3586\",\"url\":\"https:\\\/\\\/finalbossgeek.com.br\\\/?p=3586\",\"name\":\"Prime Video Anuncia a Data da Com\u00e9dia Toda Fam\u00edlia Tem\",\"isPartOf\":{\"@id\":\"https:\\\/\\\/finalbossgeek.com.br\\\/#website\"},\"primaryImageOfPage\":{\"@id\":\"https:\\\/\\\/finalbossgeek.com.br\\\/?p=3586#primaryimage\"},\"image\":{\"@id\":\"https:\\\/\\\/finalbossgeek.com.br\\\/?p=3586#primaryimage\"},\"thumbnailUrl\":\"https:\\\/\\\/finalbossgeek.com.br\\\/wp-content\\\/uploads\\\/2024\\\/05\\\/a58aef8032ede279fc143062d5f6a7ae-scaled.jpg\",\"datePublished\":\"2024-05-27T14:39:09+00:00\",\"dateModified\":\"2024-05-27T14:39:12+00:00\",\"description\":\"O Prime Video anuncia hoje a data de estreia da primeira temporada de\u00a0Toda Fam\u00edlia Tem. A s\u00e9rie de com\u00e9dia Original Amazon estar\u00e1 dispon\u00edvel\",\"breadcrumb\":{\"@id\":\"https:\\\/\\\/finalbossgeek.com.br\\\/?p=3586#breadcrumb\"},\"inLanguage\":\"pt-BR\",\"potentialAction\":[{\"@type\":\"ReadAction\",\"target\":[\"https:\\\/\\\/finalbossgeek.com.br\\\/?p=3586\"]}]},{\"@type\":\"ImageObject\",\"inLanguage\":\"pt-BR\",\"@id\":\"https:\\\/\\\/finalbossgeek.com.br\\\/?p=3586#primaryimage\",\"url\":\"https:\\\/\\\/finalbossgeek.com.br\\\/wp-content\\\/uploads\\\/2024\\\/05\\\/a58aef8032ede279fc143062d5f6a7ae-scaled.jpg\",\"contentUrl\":\"https:\\\/\\\/finalbossgeek.com.br\\\/wp-content\\\/uploads\\\/2024\\\/05\\\/a58aef8032ede279fc143062d5f6a7ae-scaled.jpg\",\"width\":2560,\"height\":1707},{\"@type\":\"BreadcrumbList\",\"@id\":\"https:\\\/\\\/finalbossgeek.com.br\\\/?p=3586#breadcrumb\",\"itemListElement\":[{\"@type\":\"ListItem\",\"position\":1,\"name\":\"In\u00edcio\",\"item\":\"https:\\\/\\\/finalbossgeek.com.br\\\/\"},{\"@type\":\"ListItem\",\"position\":2,\"name\":\"Prime Video Anuncia a Data de Estreia e Lan\u00e7a Cartaz e Teaser da S\u00e9rie de Com\u00e9dia Toda Fam\u00edlia Tem\"}]},{\"@type\":\"WebSite\",\"@id\":\"https:\\\/\\\/finalbossgeek.com.br\\\/#website\",\"url\":\"https:\\\/\\\/finalbossgeek.com.br\\\/\",\"name\":\"Final Boss Geek\",\"description\":\"&quot;A sua casa do entretenimento nerd&quot;\",\"publisher\":{\"@id\":\"https:\\\/\\\/finalbossgeek.com.br\\\/#organization\"},\"potentialAction\":[{\"@type\":\"SearchAction\",\"target\":{\"@type\":\"EntryPoint\",\"urlTemplate\":\"https:\\\/\\\/finalbossgeek.com.br\\\/?s={search_term_string}\"},\"query-input\":{\"@type\":\"PropertyValueSpecification\",\"valueRequired\":true,\"valueName\":\"search_term_string\"}}],\"inLanguage\":\"pt-BR\"},{\"@type\":\"Organization\",\"@id\":\"https:\\\/\\\/finalbossgeek.com.br\\\/#organization\",\"name\":\"Final Boss Geek\",\"url\":\"https:\\\/\\\/finalbossgeek.com.br\\\/\",\"logo\":{\"@type\":\"ImageObject\",\"inLanguage\":\"pt-BR\",\"@id\":\"https:\\\/\\\/finalbossgeek.com.br\\\/#\\\/schema\\\/logo\\\/image\\\/\",\"url\":\"https:\\\/\\\/finalbossgeek.com.br\\\/wp-content\\\/uploads\\\/2026\\\/04\\\/cropped-Icone-Site-2.png\",\"contentUrl\":\"https:\\\/\\\/finalbossgeek.com.br\\\/wp-content\\\/uploads\\\/2026\\\/04\\\/cropped-Icone-Site-2.png\",\"width\":512,\"height\":512,\"caption\":\"Final Boss Geek\"},\"image\":{\"@id\":\"https:\\\/\\\/finalbossgeek.com.br\\\/#\\\/schema\\\/logo\\\/image\\\/\"},\"sameAs\":[\"https:\\\/\\\/web.facebook.com\\\/FinalBossGeek\",\"https:\\\/\\\/www.instagram.com\\\/finalbossgeek\\\/\",\"https:\\\/\\\/www.twitch.tv\\\/finalbossgeek\",\"https:\\\/\\\/www.linkedin.com\\\/company\\\/finalbossgeek\\\/?viewAsMember=true\",\"https:\\\/\\\/www.tiktok.com\\\/@finalbossgeek\"]},{\"@type\":\"Person\",\"@id\":\"https:\\\/\\\/finalbossgeek.com.br\\\/#\\\/schema\\\/person\\\/efefe4df9547729a54251a02081297cd\",\"name\":\"FinalBossGeek\",\"image\":{\"@type\":\"ImageObject\",\"inLanguage\":\"pt-BR\",\"@id\":\"https:\\\/\\\/secure.gravatar.com\\\/avatar\\\/d1422701180383085e7511b514ea162092d901bbcc4a2c798223f3078a0f1b01?s=96&d=mm&r=g\",\"url\":\"https:\\\/\\\/secure.gravatar.com\\\/avatar\\\/d1422701180383085e7511b514ea162092d901bbcc4a2c798223f3078a0f1b01?s=96&d=mm&r=g\",\"contentUrl\":\"https:\\\/\\\/secure.gravatar.com\\\/avatar\\\/d1422701180383085e7511b514ea162092d901bbcc4a2c798223f3078a0f1b01?s=96&d=mm&r=g\",\"caption\":\"FinalBossGeek\"},\"sameAs\":[\"http:\\\/\\\/finalbossgeek.com.br\"],\"url\":\"https:\\\/\\\/finalbossgeek.com.br\\\/?author=1\"}]}<\/script>\n<!-- \/ Yoast SEO plugin. -->","yoast_head_json":{"title":"Prime Video Anuncia a Data da Com\u00e9dia Toda Fam\u00edlia Tem","description":"O Prime Video anuncia hoje a data de estreia da primeira temporada de\u00a0Toda Fam\u00edlia Tem. A s\u00e9rie de com\u00e9dia Original Amazon estar\u00e1 dispon\u00edvel","robots":{"index":"index","follow":"follow","max-snippet":"max-snippet:-1","max-image-preview":"max-image-preview:large","max-video-preview":"max-video-preview:-1"},"canonical":"https:\/\/finalbossgeek.com.br\/?p=3586","og_locale":"pt_BR","og_type":"article","og_title":"Prime Video Anuncia a Data da Com\u00e9dia Toda Fam\u00edlia Tem","og_description":"O Prime Video anuncia hoje a data de estreia da primeira temporada de\u00a0Toda Fam\u00edlia Tem. A s\u00e9rie de com\u00e9dia Original Amazon estar\u00e1 dispon\u00edvel","og_url":"https:\/\/finalbossgeek.com.br\/?p=3586","og_site_name":"Final Boss Geek","article_publisher":"https:\/\/web.facebook.com\/FinalBossGeek","article_published_time":"2024-05-27T14:39:09+00:00","article_modified_time":"2024-05-27T14:39:12+00:00","og_image":[{"width":2560,"height":1707,"url":"http:\/\/finalbossgeek.com.br\/wp-content\/uploads\/2024\/05\/a58aef8032ede279fc143062d5f6a7ae-scaled.jpg","type":"image\/jpeg"}],"author":"FinalBossGeek","twitter_card":"summary_large_image","twitter_misc":{"Escrito por":"FinalBossGeek","Est. tempo de leitura":"2 minutos"},"schema":{"@context":"https:\/\/schema.org","@graph":[{"@type":"Article","@id":"https:\/\/finalbossgeek.com.br\/?p=3586#article","isPartOf":{"@id":"https:\/\/finalbossgeek.com.br\/?p=3586"},"author":{"name":"FinalBossGeek","@id":"https:\/\/finalbossgeek.com.br\/#\/schema\/person\/efefe4df9547729a54251a02081297cd"},"headline":"Prime Video Anuncia a Data de Estreia e Lan\u00e7a Cartaz e Teaser da S\u00e9rie de Com\u00e9dia Toda Fam\u00edlia Tem","datePublished":"2024-05-27T14:39:09+00:00","dateModified":"2024-05-27T14:39:12+00:00","mainEntityOfPage":{"@id":"https:\/\/finalbossgeek.com.br\/?p=3586"},"wordCount":365,"commentCount":0,"publisher":{"@id":"https:\/\/finalbossgeek.com.br\/#organization"},"image":{"@id":"https:\/\/finalbossgeek.com.br\/?p=3586#primaryimage"},"thumbnailUrl":"https:\/\/finalbossgeek.com.br\/wp-content\/uploads\/2024\/05\/a58aef8032ede279fc143062d5f6a7ae-scaled.jpg","articleSection":["BossNot\u00edcias","S\u00e9ries"],"inLanguage":"pt-BR","potentialAction":[{"@type":"CommentAction","name":"Comment","target":["https:\/\/finalbossgeek.com.br\/?p=3586#respond"]}]},{"@type":"WebPage","@id":"https:\/\/finalbossgeek.com.br\/?p=3586","url":"https:\/\/finalbossgeek.com.br\/?p=3586","name":"Prime Video Anuncia a Data da Com\u00e9dia Toda Fam\u00edlia Tem","isPartOf":{"@id":"https:\/\/finalbossgeek.com.br\/#website"},"primaryImageOfPage":{"@id":"https:\/\/finalbossgeek.com.br\/?p=3586#primaryimage"},"image":{"@id":"https:\/\/finalbossgeek.com.br\/?p=3586#primaryimage"},"thumbnailUrl":"https:\/\/finalbossgeek.com.br\/wp-content\/uploads\/2024\/05\/a58aef8032ede279fc143062d5f6a7ae-scaled.jpg","datePublished":"2024-05-27T14:39:09+00:00","dateModified":"2024-05-27T14:39:12+00:00","description":"O Prime Video anuncia hoje a data de estreia da primeira temporada de\u00a0Toda Fam\u00edlia Tem. A s\u00e9rie de com\u00e9dia Original Amazon estar\u00e1 dispon\u00edvel","breadcrumb":{"@id":"https:\/\/finalbossgeek.com.br\/?p=3586#breadcrumb"},"inLanguage":"pt-BR","potentialAction":[{"@type":"ReadAction","target":["https:\/\/finalbossgeek.com.br\/?p=3586"]}]},{"@type":"ImageObject","inLanguage":"pt-BR","@id":"https:\/\/finalbossgeek.com.br\/?p=3586#primaryimage","url":"https:\/\/finalbossgeek.com.br\/wp-content\/uploads\/2024\/05\/a58aef8032ede279fc143062d5f6a7ae-scaled.jpg","contentUrl":"https:\/\/finalbossgeek.com.br\/wp-content\/uploads\/2024\/05\/a58aef8032ede279fc143062d5f6a7ae-scaled.jpg","width":2560,"height":1707},{"@type":"BreadcrumbList","@id":"https:\/\/finalbossgeek.com.br\/?p=3586#breadcrumb","itemListElement":[{"@type":"ListItem","position":1,"name":"In\u00edcio","item":"https:\/\/finalbossgeek.com.br\/"},{"@type":"ListItem","position":2,"name":"Prime Video Anuncia a Data de Estreia e Lan\u00e7a Cartaz e Teaser da S\u00e9rie de Com\u00e9dia Toda Fam\u00edlia Tem"}]},{"@type":"WebSite","@id":"https:\/\/finalbossgeek.com.br\/#website","url":"https:\/\/finalbossgeek.com.br\/","name":"Final Boss Geek","description":"&quot;A sua casa do entretenimento nerd&quot;","publisher":{"@id":"https:\/\/finalbossgeek.com.br\/#organization"},"potentialAction":[{"@type":"SearchAction","target":{"@type":"EntryPoint","urlTemplate":"https:\/\/finalbossgeek.com.br\/?s={search_term_string}"},"query-input":{"@type":"PropertyValueSpecification","valueRequired":true,"valueName":"search_term_string"}}],"inLanguage":"pt-BR"},{"@type":"Organization","@id":"https:\/\/finalbossgeek.com.br\/#organization","name":"Final Boss Geek","url":"https:\/\/finalbossgeek.com.br\/","logo":{"@type":"ImageObject","inLanguage":"pt-BR","@id":"https:\/\/finalbossgeek.com.br\/#\/schema\/logo\/image\/","url":"https:\/\/finalbossgeek.com.br\/wp-content\/uploads\/2026\/04\/cropped-Icone-Site-2.png","contentUrl":"https:\/\/finalbossgeek.com.br\/wp-content\/uploads\/2026\/04\/cropped-Icone-Site-2.png","width":512,"height":512,"caption":"Final Boss Geek"},"image":{"@id":"https:\/\/finalbossgeek.com.br\/#\/schema\/logo\/image\/"},"sameAs":["https:\/\/web.facebook.com\/FinalBossGeek","https:\/\/www.instagram.com\/finalbossgeek\/","https:\/\/www.twitch.tv\/finalbossgeek","https:\/\/www.linkedin.com\/company\/finalbossgeek\/?viewAsMember=true","https:\/\/www.tiktok.com\/@finalbossgeek"]},{"@type":"Person","@id":"https:\/\/finalbossgeek.com.br\/#\/schema\/person\/efefe4df9547729a54251a02081297cd","name":"FinalBossGeek","image":{"@type":"ImageObject","inLanguage":"pt-BR","@id":"https:\/\/secure.gravatar.com\/avatar\/d1422701180383085e7511b514ea162092d901bbcc4a2c798223f3078a0f1b01?s=96&d=mm&r=g","url":"https:\/\/secure.gravatar.com\/avatar\/d1422701180383085e7511b514ea162092d901bbcc4a2c798223f3078a0f1b01?s=96&d=mm&r=g","contentUrl":"https:\/\/secure.gravatar.com\/avatar\/d1422701180383085e7511b514ea162092d901bbcc4a2c798223f3078a0f1b01?s=96&d=mm&r=g","caption":"FinalBossGeek"},"sameAs":["http:\/\/finalbossgeek.com.br"],"url":"https:\/\/finalbossgeek.com.br\/?author=1"}]}},"_links":{"self":[{"href":"https:\/\/finalbossgeek.com.br\/index.php?rest_route=\/wp\/v2\/posts\/3586","targetHints":{"allow":["GET"]}}],"collection":[{"href":"https:\/\/finalbossgeek.com.br\/index.php?rest_route=\/wp\/v2\/posts"}],"about":[{"href":"https:\/\/finalbossgeek.com.br\/index.php?rest_route=\/wp\/v2\/types\/post"}],"author":[{"embeddable":true,"href":"https:\/\/finalbossgeek.com.br\/index.php?rest_route=\/wp\/v2\/users\/1"}],"replies":[{"embeddable":true,"href":"https:\/\/finalbossgeek.com.br\/index.php?rest_route=%2Fwp%2Fv2%2Fcomments&post=3586"}],"version-history":[{"count":2,"href":"https:\/\/finalbossgeek.com.br\/index.php?rest_route=\/wp\/v2\/posts\/3586\/revisions"}],"predecessor-version":[{"id":3589,"href":"https:\/\/finalbossgeek.com.br\/index.php?rest_route=\/wp\/v2\/posts\/3586\/revisions\/3589"}],"wp:featuredmedia":[{"embeddable":true,"href":"https:\/\/finalbossgeek.com.br\/index.php?rest_route=\/wp\/v2\/media\/3587"}],"wp:attachment":[{"href":"https:\/\/finalbossgeek.com.br\/index.php?rest_route=%2Fwp%2Fv2%2Fmedia&parent=3586"}],"wp:term":[{"taxonomy":"category","embeddable":true,"href":"https:\/\/finalbossgeek.com.br\/index.php?rest_route=%2Fwp%2Fv2%2Fcategories&post=3586"},{"taxonomy":"post_tag","embeddable":true,"href":"https:\/\/finalbossgeek.com.br\/index.php?rest_route=%2Fwp%2Fv2%2Ftags&post=3586"}],"curies":[{"name":"wp","href":"https:\/\/api.w.org\/{rel}","templated":true}]}}