{"id":3388,"date":"2024-05-03T04:19:37","date_gmt":"2024-05-03T04:19:37","guid":{"rendered":"https:\/\/finalbossgeek.com.br\/?p=3388"},"modified":"2024-05-03T04:19:41","modified_gmt":"2024-05-03T04:19:41","slug":"gravacoes-de-o-cravista-filme-documental-sobre-o-legado-de-um-dos-maiores-cravistas-do-brasil-sao-finalizadas-com-cena-rodada-na-casa-julieta-de-serpa","status":"publish","type":"post","link":"https:\/\/finalbossgeek.com.br\/?p=3388","title":{"rendered":"Grava\u00e7\u00f5es de &#8220;O Cravista&#8221;, filme documental sobre o legado de um dos maiores cravistas do Brasil, s\u00e3o finalizadas com cena rodada na Casa Julieta de Serpa"},"content":{"rendered":"\n<p class=\"has-text-align-center\"><em>Com dire\u00e7\u00e3o e roteiro de Luiz Eduardo Oz\u00f3rio, &#8220;O Cravista&#8221; tem previs\u00e3o de lan\u00e7amento no segundo semestre de 2024\u00a0<\/em><\/p>\n\n\n\n<p>A hist\u00f3ria da m\u00fasica cl\u00e1ssica no Brasil est\u00e1 intrinsecamente ligada \u00e0 vida de Roberto de Regina. Um dos cravistas mais importantes do pa\u00eds, Roberto, hoje com 97 anos, reintroduziu a m\u00fasica barroca no Brasil, tendo sido o primeiro m\u00fasico a construir o instrumento de cordas pin\u00e7adas em solo nacional. &#8220;O Cravista&#8221;, com dire\u00e7\u00e3o e roteiro de Luiz Eduardo Oz\u00f3rio e produ\u00e7\u00e3o da OZ FILMS Productions, conta a trajet\u00f3ria pessoal e profissional do homem que deixou o mundo atual para viver os encantos do s\u00e9culo 18. As grava\u00e7\u00f5es foram finalizadas, na Casa Julieta de Serpa (RJ), com convidados, em um inusitado baile Real. Dan\u00e7arinos e m\u00fasicos especializados no per\u00edodo, coreografados pelo Professor da UFF M\u00e1rio Orlando, acompanharam com figurinos de Rog\u00e9rio Madruga o ritmo das notas tocadas pelo cravista. O lan\u00e7amento do projeto est\u00e1 previsto para o segundo semestre de 2024.&nbsp;<\/p>\n\n\n\n<figure class=\"wp-block-gallery has-nested-images columns-default is-cropped wp-block-gallery-1 is-layout-flex wp-block-gallery-is-layout-flex\">\n<figure class=\"wp-block-image size-large\"><img  title=\"\" loading=\"lazy\" decoding=\"async\" width=\"1024\" height=\"700\" data-id=\"3390\" src=\"https:\/\/finalbossgeek.com.br\/wp-content\/uploads\/2024\/05\/O-Cravista-diretor-Luiz-Eduardo-Ozorio-Credito_-Rafael-Azeredo--1024x700.jpeg\"  alt=\"O-Cravista-diretor-Luiz-Eduardo-Ozorio-Credito_-Rafael-Azeredo--1024x700 Grava\u00e7\u00f5es de &quot;O Cravista&quot;, filme documental sobre o legado de um dos maiores cravistas do Brasil, s\u00e3o finalizadas com cena rodada na Casa Julieta de Serpa\"  class=\"wp-image-3390\" srcset=\"https:\/\/finalbossgeek.com.br\/wp-content\/uploads\/2024\/05\/O-Cravista-diretor-Luiz-Eduardo-Ozorio-Credito_-Rafael-Azeredo--1024x700.jpeg 1024w, https:\/\/finalbossgeek.com.br\/wp-content\/uploads\/2024\/05\/O-Cravista-diretor-Luiz-Eduardo-Ozorio-Credito_-Rafael-Azeredo--300x205.jpeg 300w, https:\/\/finalbossgeek.com.br\/wp-content\/uploads\/2024\/05\/O-Cravista-diretor-Luiz-Eduardo-Ozorio-Credito_-Rafael-Azeredo--768x525.jpeg 768w, https:\/\/finalbossgeek.com.br\/wp-content\/uploads\/2024\/05\/O-Cravista-diretor-Luiz-Eduardo-Ozorio-Credito_-Rafael-Azeredo--1536x1050.jpeg 1536w, https:\/\/finalbossgeek.com.br\/wp-content\/uploads\/2024\/05\/O-Cravista-diretor-Luiz-Eduardo-Ozorio-Credito_-Rafael-Azeredo--305x207.jpeg 305w, https:\/\/finalbossgeek.com.br\/wp-content\/uploads\/2024\/05\/O-Cravista-diretor-Luiz-Eduardo-Ozorio-Credito_-Rafael-Azeredo-.jpeg 1600w\" sizes=\"auto, (max-width: 1024px) 100vw, 1024px\" \/><\/figure>\n\n\n\n<figure class=\"wp-block-image size-large\"><img  title=\"\" loading=\"lazy\" decoding=\"async\" width=\"1024\" height=\"682\" data-id=\"3391\" src=\"https:\/\/finalbossgeek.com.br\/wp-content\/uploads\/2024\/05\/O-Cravista-Roberto-de-Regina-Credito_-Rafael-Azeredo-1-1-1024x682.jpeg\"  alt=\"O-Cravista-Roberto-de-Regina-Credito_-Rafael-Azeredo-1-1-1024x682 Grava\u00e7\u00f5es de &quot;O Cravista&quot;, filme documental sobre o legado de um dos maiores cravistas do Brasil, s\u00e3o finalizadas com cena rodada na Casa Julieta de Serpa\"  class=\"wp-image-3391\" srcset=\"https:\/\/finalbossgeek.com.br\/wp-content\/uploads\/2024\/05\/O-Cravista-Roberto-de-Regina-Credito_-Rafael-Azeredo-1-1-1024x682.jpeg 1024w, https:\/\/finalbossgeek.com.br\/wp-content\/uploads\/2024\/05\/O-Cravista-Roberto-de-Regina-Credito_-Rafael-Azeredo-1-1-300x200.jpeg 300w, https:\/\/finalbossgeek.com.br\/wp-content\/uploads\/2024\/05\/O-Cravista-Roberto-de-Regina-Credito_-Rafael-Azeredo-1-1-768x512.jpeg 768w, https:\/\/finalbossgeek.com.br\/wp-content\/uploads\/2024\/05\/O-Cravista-Roberto-de-Regina-Credito_-Rafael-Azeredo-1-1-1536x1023.jpeg 1536w, https:\/\/finalbossgeek.com.br\/wp-content\/uploads\/2024\/05\/O-Cravista-Roberto-de-Regina-Credito_-Rafael-Azeredo-1-1.jpeg 1600w\" sizes=\"auto, (max-width: 1024px) 100vw, 1024px\" \/><\/figure>\n\n\n\n<figure class=\"wp-block-image size-large\"><img  title=\"\" loading=\"lazy\" decoding=\"async\" width=\"652\" height=\"1024\" data-id=\"3392\" src=\"https:\/\/finalbossgeek.com.br\/wp-content\/uploads\/2024\/05\/O-Cravista-Roberto-de-Regina-Credito_-Rafael-Azeredo--652x1024.jpeg\"  alt=\"O-Cravista-Roberto-de-Regina-Credito_-Rafael-Azeredo--652x1024 Grava\u00e7\u00f5es de &quot;O Cravista&quot;, filme documental sobre o legado de um dos maiores cravistas do Brasil, s\u00e3o finalizadas com cena rodada na Casa Julieta de Serpa\"  class=\"wp-image-3392\" srcset=\"https:\/\/finalbossgeek.com.br\/wp-content\/uploads\/2024\/05\/O-Cravista-Roberto-de-Regina-Credito_-Rafael-Azeredo--652x1024.jpeg 652w, https:\/\/finalbossgeek.com.br\/wp-content\/uploads\/2024\/05\/O-Cravista-Roberto-de-Regina-Credito_-Rafael-Azeredo--191x300.jpeg 191w, https:\/\/finalbossgeek.com.br\/wp-content\/uploads\/2024\/05\/O-Cravista-Roberto-de-Regina-Credito_-Rafael-Azeredo--768x1207.jpeg 768w, https:\/\/finalbossgeek.com.br\/wp-content\/uploads\/2024\/05\/O-Cravista-Roberto-de-Regina-Credito_-Rafael-Azeredo--977x1536.jpeg 977w, https:\/\/finalbossgeek.com.br\/wp-content\/uploads\/2024\/05\/O-Cravista-Roberto-de-Regina-Credito_-Rafael-Azeredo-.jpeg 1018w\" sizes=\"auto, (max-width: 652px) 100vw, 652px\" \/><\/figure>\n<\/figure>\n\n\n\n<p>Em uma produ\u00e7\u00e3o minuciosa e delicada, &#8220;O Cravista&#8221; aborda a hist\u00f3ria deste artista singular que vive pela arte. Prestes a comemorar seu centen\u00e1rio, a trajet\u00f3ria de Roberto \u00e9 retratada no filme atrav\u00e9s de temas como a persist\u00eancia em seguir a verdadeira voca\u00e7\u00e3o, o envelhecimento, o relacionamento de 40 anos com Ronaldo Ribeiro e as amarras do preconceito. &#8220;Pra mim o document\u00e1rio ser\u00e1 muito positivo para reverberar o valor que o Cravo representa para a m\u00fasica. Acredito que \u00e9 um instrumento que tem um potencial de se manter vivo, crescer, porque ele tem algo especial. O som \u00e9 parecido com as cordas da guitarra, ent\u00e3o acho que o futuro do Cravo ser\u00e1 promissor com os jovens&#8221;, destaca o artista. Com o apoio de Youle Loca\u00e7\u00e3o, Luz Rio, Cesgranrio e Casa Julieta de Serpa, o projeto entra no universo recriado por Roberto de Regina, inspirado no per\u00edodo barroco.&nbsp;<\/p>\n\n\n\n<p>Para o filme documental, que come\u00e7ou a ser rodado em 2022, o diretor Luiz Eduardo Oz\u00f3rio acompanhou diversos momentos importantes da vida do maestro, como a homenagem que a Camerata Antiqua de Curitiba fez para ele na Sala Cec\u00edlia Meireles, em 2022, e a sua \u00faltima apresenta\u00e7\u00e3o nos palcos, realizado na Academia Brasileira de Letras (ABL), em 2023. &#8220;Mostrar a trajet\u00f3ria de um dos artistas mais importantes da m\u00fasica cl\u00e1ssica brasileira, al\u00e9m de um privil\u00e9gio, \u00e9 necessidade, porque o Roberto de Regina \u00e9 uma lenda viva da cultura e da arte, reconhecido por um grupo de pessoas, mas um ilustre desconhecido para grande parte. Este filme \u00e9 uma oportunidade de celebrarmos a vida e a obra dele e com ele&#8221;, comenta o diretor e roteirista. Em 1974, Roberto de Regina fundou a Camerata Antiqua de Curitiba, em atividade at\u00e9 hoje, e em 1960 se apresentou na inaugura\u00e7\u00e3o de Bras\u00edlia, momento pelo qual o artista continua a ser reverenciado.<\/p>\n\n\n\n<p>Em 2023, o cravista recebeu o t\u00edtulo de Honoris Causa pela Academia Brasileira de Belas Artes. Essa diferente forma de observar a vida o estimulou a ser mais do que um m\u00fasico e maestro, se tornando tamb\u00e9m pintor e luthier. Abordada em &#8220;O Cravista&#8221;, a Capela Magdalena criada por Roberto em Guaratiba, Rio de Janeiro, \u00e9 sua casa atual, onde vive aos moldes dos castelos europeus, transportando toda a atmosfera do s\u00e9culo XVIII para os dias atuais. Nela o maestro realiza apresenta\u00e7\u00f5es peri\u00f3dicas, acompanhadas de um elegante jantar, al\u00e9m de ser poss\u00edvel visitar seu museu particular, com 500 maquetes e miniaturas exibidas.&nbsp;<\/p>\n\n\n\n<p><strong>Sinopse de &#8220;O Cravista&#8221;:<\/strong>&nbsp;Ap\u00f3s a sua aposentadoria, o m\u00e9dico-anestesista Roberto de Regina decide se dedicar integralmente ao estudo da m\u00fasica cl\u00e1ssica antiga, tornando-se um dos maiores cravistas do Brasil e o primeiro a construir o instrumento em solo nacional, ao longo de sua trajet\u00f3ria, lan\u00e7ou in\u00fameros discos e foi vencedor de muitos pr\u00eamios. Seus feitos reintroduziram a m\u00fasica barroca no pa\u00eds, influenciando toda uma nova gera\u00e7\u00e3o de m\u00fasicos.<\/p>\n\n\n\n<p><strong>Sobre Roberto de Regina:&nbsp;<\/strong>Mesmo se despedindo dos palcos em 2022, o legado de Roberto de Regina permanece vivo. Com 97 anos, o maestro e cravista foi o primeiro a construir um cravo no pa\u00eds, reintroduzindo a m\u00fasica cl\u00e1ssica barroca aos brasileiros. M\u00fasico autodidata, come\u00e7ou a se dedicar \u00e0 arte ap\u00f3s 30 anos trabalhando como m\u00e9dico-anestesista e em 1960 se apresentou na inaugura\u00e7\u00e3o hist\u00f3rica de Bras\u00edlia. Roberto fundou em 1974 a Camerata Antiqua de Curitiba e em 2023 recebeu o t\u00edtulo de Honoris Causa pela Academia Brasileira de Belas Artes. O m\u00fasico gravou e publicou no YouTube 16 concertos que fazem parte do projeto Johann Sebastian Bach Concertos para cravo solo, al\u00e9m de lan\u00e7ar mais 25 \u00e1lbuns e 5 DVDs. Roberto vive hoje na Capela Magdalena, em Guaratiba, Rio de Janeiro, aos moldes dos castelos europeus.<\/p>\n\n\n\n<p><strong>Sobre a OZ FILMS Productions:<\/strong>&nbsp;Criada por Luiz Eduardo Oz\u00f3rio, OZ FILMS Productions \u00e9 uma produtora independente dedicada ao cinema brasileiro. Em 2014, ganhou o Festival de Cannes pela produ\u00e7\u00e3o do comercial &#8220;Noivos&#8221;, para a ONG Tr\u00e2nsito Amigo. A produtora assumiu em 2015 a dire\u00e7\u00e3o de arte do longa-metragem &#8220;Solteira Quase Surtando&#8221; e em 2019, lan\u00e7ou seu primeiro longa-metragem documental &#8220;Doidos de Pedra &#8211; O Para\u00edso Amea\u00e7ado&#8221;,&nbsp;que foi Sele\u00e7\u00e3o Oficial em mais de 20 festivais de cinema pelo mundo e venceu 6 pr\u00eamios, 4 deles de Melhor Document\u00e1rio.<\/p>\n","protected":false},"excerpt":{"rendered":"<p>Com dire\u00e7\u00e3o e roteiro de Luiz Eduardo Oz\u00f3rio, &#8220;O Cravista&#8221; tem previs\u00e3o de lan\u00e7amento no segundo semestre de 2024\u00a0 A hist\u00f3ria da m\u00fasica cl\u00e1ssica no Brasil est\u00e1 intrinsecamente ligada \u00e0 vida de Roberto de Regina. Um dos cravistas mais importantes do pa\u00eds, Roberto, hoje com 97 anos, reintroduziu a m\u00fasica barroca no Brasil, tendo sido [&hellip;]<\/p>\n","protected":false},"author":1,"featured_media":3389,"comment_status":"open","ping_status":"open","sticky":false,"template":"","format":"standard","meta":{"footnotes":""},"categories":[7,55],"tags":[],"class_list":["post-3388","post","type-post","status-publish","format-standard","has-post-thumbnail","hentry","category-boss-noticias","category-filmes"],"yoast_head":"<!-- This site is optimized with the Yoast SEO plugin v27.4 - https:\/\/yoast.com\/product\/yoast-seo-wordpress\/ -->\n<title>Grava\u00e7\u00f5es de &quot;O Cravista&quot;, filme documental sobre o legado...<\/title>\n<meta name=\"description\" content=\"A hist\u00f3ria da m\u00fasica cl\u00e1ssica no Brasil est\u00e1 intrinsecamente ligada \u00e0 vida de Roberto de Regina. Um dos cravistas mais importantes do pa\u00eds...\" \/>\n<meta name=\"robots\" content=\"index, follow, max-snippet:-1, max-image-preview:large, max-video-preview:-1\" \/>\n<link rel=\"canonical\" href=\"https:\/\/finalbossgeek.com.br\/?p=3388\" \/>\n<meta property=\"og:locale\" content=\"pt_BR\" \/>\n<meta property=\"og:type\" content=\"article\" \/>\n<meta property=\"og:title\" content=\"Grava\u00e7\u00f5es de &quot;O Cravista&quot;, filme documental sobre o legado...\" \/>\n<meta property=\"og:description\" content=\"A hist\u00f3ria da m\u00fasica cl\u00e1ssica no Brasil est\u00e1 intrinsecamente ligada \u00e0 vida de Roberto de Regina. Um dos cravistas mais importantes do pa\u00eds...\" \/>\n<meta property=\"og:url\" content=\"https:\/\/finalbossgeek.com.br\/?p=3388\" \/>\n<meta property=\"og:site_name\" content=\"Final Boss Geek\" \/>\n<meta property=\"article:publisher\" content=\"https:\/\/web.facebook.com\/FinalBossGeek\" \/>\n<meta property=\"article:published_time\" content=\"2024-05-03T04:19:37+00:00\" \/>\n<meta property=\"article:modified_time\" content=\"2024-05-03T04:19:41+00:00\" \/>\n<meta property=\"og:image\" content=\"http:\/\/finalbossgeek.com.br\/wp-content\/uploads\/2024\/05\/O-Cravista-Roberto-de-Regina-Credito_-Rafael-Azeredo-1.jpeg\" \/>\n\t<meta property=\"og:image:width\" content=\"1600\" \/>\n\t<meta property=\"og:image:height\" content=\"1066\" \/>\n\t<meta property=\"og:image:type\" content=\"image\/jpeg\" \/>\n<meta name=\"author\" content=\"FinalBossGeek\" \/>\n<meta name=\"twitter:card\" content=\"summary_large_image\" \/>\n<meta name=\"twitter:label1\" content=\"Escrito por\" \/>\n\t<meta name=\"twitter:data1\" content=\"FinalBossGeek\" \/>\n\t<meta name=\"twitter:label2\" content=\"Est. tempo de leitura\" \/>\n\t<meta name=\"twitter:data2\" content=\"6 minutos\" \/>\n<script type=\"application\/ld+json\" class=\"yoast-schema-graph\">{\"@context\":\"https:\\\/\\\/schema.org\",\"@graph\":[{\"@type\":\"Article\",\"@id\":\"https:\\\/\\\/finalbossgeek.com.br\\\/?p=3388#article\",\"isPartOf\":{\"@id\":\"https:\\\/\\\/finalbossgeek.com.br\\\/?p=3388\"},\"author\":{\"name\":\"FinalBossGeek\",\"@id\":\"https:\\\/\\\/finalbossgeek.com.br\\\/#\\\/schema\\\/person\\\/efefe4df9547729a54251a02081297cd\"},\"headline\":\"Grava\u00e7\u00f5es de &#8220;O Cravista&#8221;, filme documental sobre o legado de um dos maiores cravistas do Brasil, s\u00e3o finalizadas com cena rodada na Casa Julieta de Serpa\",\"datePublished\":\"2024-05-03T04:19:37+00:00\",\"dateModified\":\"2024-05-03T04:19:41+00:00\",\"mainEntityOfPage\":{\"@id\":\"https:\\\/\\\/finalbossgeek.com.br\\\/?p=3388\"},\"wordCount\":947,\"commentCount\":0,\"publisher\":{\"@id\":\"https:\\\/\\\/finalbossgeek.com.br\\\/#organization\"},\"image\":{\"@id\":\"https:\\\/\\\/finalbossgeek.com.br\\\/?p=3388#primaryimage\"},\"thumbnailUrl\":\"https:\\\/\\\/finalbossgeek.com.br\\\/wp-content\\\/uploads\\\/2024\\\/05\\\/O-Cravista-Roberto-de-Regina-Credito_-Rafael-Azeredo-1.jpeg\",\"articleSection\":[\"BossNot\u00edcias\",\"Filmes\"],\"inLanguage\":\"pt-BR\",\"potentialAction\":[{\"@type\":\"CommentAction\",\"name\":\"Comment\",\"target\":[\"https:\\\/\\\/finalbossgeek.com.br\\\/?p=3388#respond\"]}]},{\"@type\":\"WebPage\",\"@id\":\"https:\\\/\\\/finalbossgeek.com.br\\\/?p=3388\",\"url\":\"https:\\\/\\\/finalbossgeek.com.br\\\/?p=3388\",\"name\":\"Grava\u00e7\u00f5es de \\\"O Cravista\\\", filme documental sobre o legado...\",\"isPartOf\":{\"@id\":\"https:\\\/\\\/finalbossgeek.com.br\\\/#website\"},\"primaryImageOfPage\":{\"@id\":\"https:\\\/\\\/finalbossgeek.com.br\\\/?p=3388#primaryimage\"},\"image\":{\"@id\":\"https:\\\/\\\/finalbossgeek.com.br\\\/?p=3388#primaryimage\"},\"thumbnailUrl\":\"https:\\\/\\\/finalbossgeek.com.br\\\/wp-content\\\/uploads\\\/2024\\\/05\\\/O-Cravista-Roberto-de-Regina-Credito_-Rafael-Azeredo-1.jpeg\",\"datePublished\":\"2024-05-03T04:19:37+00:00\",\"dateModified\":\"2024-05-03T04:19:41+00:00\",\"description\":\"A hist\u00f3ria da m\u00fasica cl\u00e1ssica no Brasil est\u00e1 intrinsecamente ligada \u00e0 vida de Roberto de Regina. Um dos cravistas mais importantes do pa\u00eds...\",\"breadcrumb\":{\"@id\":\"https:\\\/\\\/finalbossgeek.com.br\\\/?p=3388#breadcrumb\"},\"inLanguage\":\"pt-BR\",\"potentialAction\":[{\"@type\":\"ReadAction\",\"target\":[\"https:\\\/\\\/finalbossgeek.com.br\\\/?p=3388\"]}]},{\"@type\":\"ImageObject\",\"inLanguage\":\"pt-BR\",\"@id\":\"https:\\\/\\\/finalbossgeek.com.br\\\/?p=3388#primaryimage\",\"url\":\"https:\\\/\\\/finalbossgeek.com.br\\\/wp-content\\\/uploads\\\/2024\\\/05\\\/O-Cravista-Roberto-de-Regina-Credito_-Rafael-Azeredo-1.jpeg\",\"contentUrl\":\"https:\\\/\\\/finalbossgeek.com.br\\\/wp-content\\\/uploads\\\/2024\\\/05\\\/O-Cravista-Roberto-de-Regina-Credito_-Rafael-Azeredo-1.jpeg\",\"width\":1600,\"height\":1066},{\"@type\":\"BreadcrumbList\",\"@id\":\"https:\\\/\\\/finalbossgeek.com.br\\\/?p=3388#breadcrumb\",\"itemListElement\":[{\"@type\":\"ListItem\",\"position\":1,\"name\":\"In\u00edcio\",\"item\":\"https:\\\/\\\/finalbossgeek.com.br\\\/\"},{\"@type\":\"ListItem\",\"position\":2,\"name\":\"Grava\u00e7\u00f5es de &#8220;O Cravista&#8221;, filme documental sobre o legado de um dos maiores cravistas do Brasil, s\u00e3o finalizadas com cena rodada na Casa Julieta de Serpa\"}]},{\"@type\":\"WebSite\",\"@id\":\"https:\\\/\\\/finalbossgeek.com.br\\\/#website\",\"url\":\"https:\\\/\\\/finalbossgeek.com.br\\\/\",\"name\":\"Final Boss Geek\",\"description\":\"&quot;A sua casa do entretenimento nerd&quot;\",\"publisher\":{\"@id\":\"https:\\\/\\\/finalbossgeek.com.br\\\/#organization\"},\"potentialAction\":[{\"@type\":\"SearchAction\",\"target\":{\"@type\":\"EntryPoint\",\"urlTemplate\":\"https:\\\/\\\/finalbossgeek.com.br\\\/?s={search_term_string}\"},\"query-input\":{\"@type\":\"PropertyValueSpecification\",\"valueRequired\":true,\"valueName\":\"search_term_string\"}}],\"inLanguage\":\"pt-BR\"},{\"@type\":\"Organization\",\"@id\":\"https:\\\/\\\/finalbossgeek.com.br\\\/#organization\",\"name\":\"Final Boss Geek\",\"url\":\"https:\\\/\\\/finalbossgeek.com.br\\\/\",\"logo\":{\"@type\":\"ImageObject\",\"inLanguage\":\"pt-BR\",\"@id\":\"https:\\\/\\\/finalbossgeek.com.br\\\/#\\\/schema\\\/logo\\\/image\\\/\",\"url\":\"https:\\\/\\\/finalbossgeek.com.br\\\/wp-content\\\/uploads\\\/2026\\\/04\\\/cropped-Icone-Site-2.png\",\"contentUrl\":\"https:\\\/\\\/finalbossgeek.com.br\\\/wp-content\\\/uploads\\\/2026\\\/04\\\/cropped-Icone-Site-2.png\",\"width\":512,\"height\":512,\"caption\":\"Final Boss Geek\"},\"image\":{\"@id\":\"https:\\\/\\\/finalbossgeek.com.br\\\/#\\\/schema\\\/logo\\\/image\\\/\"},\"sameAs\":[\"https:\\\/\\\/web.facebook.com\\\/FinalBossGeek\",\"https:\\\/\\\/www.instagram.com\\\/finalbossgeek\\\/\",\"https:\\\/\\\/www.twitch.tv\\\/finalbossgeek\",\"https:\\\/\\\/www.linkedin.com\\\/company\\\/finalbossgeek\\\/?viewAsMember=true\",\"https:\\\/\\\/www.tiktok.com\\\/@finalbossgeek\"]},{\"@type\":\"Person\",\"@id\":\"https:\\\/\\\/finalbossgeek.com.br\\\/#\\\/schema\\\/person\\\/efefe4df9547729a54251a02081297cd\",\"name\":\"FinalBossGeek\",\"image\":{\"@type\":\"ImageObject\",\"inLanguage\":\"pt-BR\",\"@id\":\"https:\\\/\\\/secure.gravatar.com\\\/avatar\\\/d1422701180383085e7511b514ea162092d901bbcc4a2c798223f3078a0f1b01?s=96&d=mm&r=g\",\"url\":\"https:\\\/\\\/secure.gravatar.com\\\/avatar\\\/d1422701180383085e7511b514ea162092d901bbcc4a2c798223f3078a0f1b01?s=96&d=mm&r=g\",\"contentUrl\":\"https:\\\/\\\/secure.gravatar.com\\\/avatar\\\/d1422701180383085e7511b514ea162092d901bbcc4a2c798223f3078a0f1b01?s=96&d=mm&r=g\",\"caption\":\"FinalBossGeek\"},\"sameAs\":[\"http:\\\/\\\/finalbossgeek.com.br\"],\"url\":\"https:\\\/\\\/finalbossgeek.com.br\\\/?author=1\"}]}<\/script>\n<!-- \/ Yoast SEO plugin. -->","yoast_head_json":{"title":"Grava\u00e7\u00f5es de \"O Cravista\", filme documental sobre o legado...","description":"A hist\u00f3ria da m\u00fasica cl\u00e1ssica no Brasil est\u00e1 intrinsecamente ligada \u00e0 vida de Roberto de Regina. Um dos cravistas mais importantes do pa\u00eds...","robots":{"index":"index","follow":"follow","max-snippet":"max-snippet:-1","max-image-preview":"max-image-preview:large","max-video-preview":"max-video-preview:-1"},"canonical":"https:\/\/finalbossgeek.com.br\/?p=3388","og_locale":"pt_BR","og_type":"article","og_title":"Grava\u00e7\u00f5es de \"O Cravista\", filme documental sobre o legado...","og_description":"A hist\u00f3ria da m\u00fasica cl\u00e1ssica no Brasil est\u00e1 intrinsecamente ligada \u00e0 vida de Roberto de Regina. Um dos cravistas mais importantes do pa\u00eds...","og_url":"https:\/\/finalbossgeek.com.br\/?p=3388","og_site_name":"Final Boss Geek","article_publisher":"https:\/\/web.facebook.com\/FinalBossGeek","article_published_time":"2024-05-03T04:19:37+00:00","article_modified_time":"2024-05-03T04:19:41+00:00","og_image":[{"width":1600,"height":1066,"url":"http:\/\/finalbossgeek.com.br\/wp-content\/uploads\/2024\/05\/O-Cravista-Roberto-de-Regina-Credito_-Rafael-Azeredo-1.jpeg","type":"image\/jpeg"}],"author":"FinalBossGeek","twitter_card":"summary_large_image","twitter_misc":{"Escrito por":"FinalBossGeek","Est. tempo de leitura":"6 minutos"},"schema":{"@context":"https:\/\/schema.org","@graph":[{"@type":"Article","@id":"https:\/\/finalbossgeek.com.br\/?p=3388#article","isPartOf":{"@id":"https:\/\/finalbossgeek.com.br\/?p=3388"},"author":{"name":"FinalBossGeek","@id":"https:\/\/finalbossgeek.com.br\/#\/schema\/person\/efefe4df9547729a54251a02081297cd"},"headline":"Grava\u00e7\u00f5es de &#8220;O Cravista&#8221;, filme documental sobre o legado de um dos maiores cravistas do Brasil, s\u00e3o finalizadas com cena rodada na Casa Julieta de Serpa","datePublished":"2024-05-03T04:19:37+00:00","dateModified":"2024-05-03T04:19:41+00:00","mainEntityOfPage":{"@id":"https:\/\/finalbossgeek.com.br\/?p=3388"},"wordCount":947,"commentCount":0,"publisher":{"@id":"https:\/\/finalbossgeek.com.br\/#organization"},"image":{"@id":"https:\/\/finalbossgeek.com.br\/?p=3388#primaryimage"},"thumbnailUrl":"https:\/\/finalbossgeek.com.br\/wp-content\/uploads\/2024\/05\/O-Cravista-Roberto-de-Regina-Credito_-Rafael-Azeredo-1.jpeg","articleSection":["BossNot\u00edcias","Filmes"],"inLanguage":"pt-BR","potentialAction":[{"@type":"CommentAction","name":"Comment","target":["https:\/\/finalbossgeek.com.br\/?p=3388#respond"]}]},{"@type":"WebPage","@id":"https:\/\/finalbossgeek.com.br\/?p=3388","url":"https:\/\/finalbossgeek.com.br\/?p=3388","name":"Grava\u00e7\u00f5es de \"O Cravista\", filme documental sobre o legado...","isPartOf":{"@id":"https:\/\/finalbossgeek.com.br\/#website"},"primaryImageOfPage":{"@id":"https:\/\/finalbossgeek.com.br\/?p=3388#primaryimage"},"image":{"@id":"https:\/\/finalbossgeek.com.br\/?p=3388#primaryimage"},"thumbnailUrl":"https:\/\/finalbossgeek.com.br\/wp-content\/uploads\/2024\/05\/O-Cravista-Roberto-de-Regina-Credito_-Rafael-Azeredo-1.jpeg","datePublished":"2024-05-03T04:19:37+00:00","dateModified":"2024-05-03T04:19:41+00:00","description":"A hist\u00f3ria da m\u00fasica cl\u00e1ssica no Brasil est\u00e1 intrinsecamente ligada \u00e0 vida de Roberto de Regina. Um dos cravistas mais importantes do pa\u00eds...","breadcrumb":{"@id":"https:\/\/finalbossgeek.com.br\/?p=3388#breadcrumb"},"inLanguage":"pt-BR","potentialAction":[{"@type":"ReadAction","target":["https:\/\/finalbossgeek.com.br\/?p=3388"]}]},{"@type":"ImageObject","inLanguage":"pt-BR","@id":"https:\/\/finalbossgeek.com.br\/?p=3388#primaryimage","url":"https:\/\/finalbossgeek.com.br\/wp-content\/uploads\/2024\/05\/O-Cravista-Roberto-de-Regina-Credito_-Rafael-Azeredo-1.jpeg","contentUrl":"https:\/\/finalbossgeek.com.br\/wp-content\/uploads\/2024\/05\/O-Cravista-Roberto-de-Regina-Credito_-Rafael-Azeredo-1.jpeg","width":1600,"height":1066},{"@type":"BreadcrumbList","@id":"https:\/\/finalbossgeek.com.br\/?p=3388#breadcrumb","itemListElement":[{"@type":"ListItem","position":1,"name":"In\u00edcio","item":"https:\/\/finalbossgeek.com.br\/"},{"@type":"ListItem","position":2,"name":"Grava\u00e7\u00f5es de &#8220;O Cravista&#8221;, filme documental sobre o legado de um dos maiores cravistas do Brasil, s\u00e3o finalizadas com cena rodada na Casa Julieta de Serpa"}]},{"@type":"WebSite","@id":"https:\/\/finalbossgeek.com.br\/#website","url":"https:\/\/finalbossgeek.com.br\/","name":"Final Boss Geek","description":"&quot;A sua casa do entretenimento nerd&quot;","publisher":{"@id":"https:\/\/finalbossgeek.com.br\/#organization"},"potentialAction":[{"@type":"SearchAction","target":{"@type":"EntryPoint","urlTemplate":"https:\/\/finalbossgeek.com.br\/?s={search_term_string}"},"query-input":{"@type":"PropertyValueSpecification","valueRequired":true,"valueName":"search_term_string"}}],"inLanguage":"pt-BR"},{"@type":"Organization","@id":"https:\/\/finalbossgeek.com.br\/#organization","name":"Final Boss Geek","url":"https:\/\/finalbossgeek.com.br\/","logo":{"@type":"ImageObject","inLanguage":"pt-BR","@id":"https:\/\/finalbossgeek.com.br\/#\/schema\/logo\/image\/","url":"https:\/\/finalbossgeek.com.br\/wp-content\/uploads\/2026\/04\/cropped-Icone-Site-2.png","contentUrl":"https:\/\/finalbossgeek.com.br\/wp-content\/uploads\/2026\/04\/cropped-Icone-Site-2.png","width":512,"height":512,"caption":"Final Boss Geek"},"image":{"@id":"https:\/\/finalbossgeek.com.br\/#\/schema\/logo\/image\/"},"sameAs":["https:\/\/web.facebook.com\/FinalBossGeek","https:\/\/www.instagram.com\/finalbossgeek\/","https:\/\/www.twitch.tv\/finalbossgeek","https:\/\/www.linkedin.com\/company\/finalbossgeek\/?viewAsMember=true","https:\/\/www.tiktok.com\/@finalbossgeek"]},{"@type":"Person","@id":"https:\/\/finalbossgeek.com.br\/#\/schema\/person\/efefe4df9547729a54251a02081297cd","name":"FinalBossGeek","image":{"@type":"ImageObject","inLanguage":"pt-BR","@id":"https:\/\/secure.gravatar.com\/avatar\/d1422701180383085e7511b514ea162092d901bbcc4a2c798223f3078a0f1b01?s=96&d=mm&r=g","url":"https:\/\/secure.gravatar.com\/avatar\/d1422701180383085e7511b514ea162092d901bbcc4a2c798223f3078a0f1b01?s=96&d=mm&r=g","contentUrl":"https:\/\/secure.gravatar.com\/avatar\/d1422701180383085e7511b514ea162092d901bbcc4a2c798223f3078a0f1b01?s=96&d=mm&r=g","caption":"FinalBossGeek"},"sameAs":["http:\/\/finalbossgeek.com.br"],"url":"https:\/\/finalbossgeek.com.br\/?author=1"}]}},"_links":{"self":[{"href":"https:\/\/finalbossgeek.com.br\/index.php?rest_route=\/wp\/v2\/posts\/3388","targetHints":{"allow":["GET"]}}],"collection":[{"href":"https:\/\/finalbossgeek.com.br\/index.php?rest_route=\/wp\/v2\/posts"}],"about":[{"href":"https:\/\/finalbossgeek.com.br\/index.php?rest_route=\/wp\/v2\/types\/post"}],"author":[{"embeddable":true,"href":"https:\/\/finalbossgeek.com.br\/index.php?rest_route=\/wp\/v2\/users\/1"}],"replies":[{"embeddable":true,"href":"https:\/\/finalbossgeek.com.br\/index.php?rest_route=%2Fwp%2Fv2%2Fcomments&post=3388"}],"version-history":[{"count":2,"href":"https:\/\/finalbossgeek.com.br\/index.php?rest_route=\/wp\/v2\/posts\/3388\/revisions"}],"predecessor-version":[{"id":3394,"href":"https:\/\/finalbossgeek.com.br\/index.php?rest_route=\/wp\/v2\/posts\/3388\/revisions\/3394"}],"wp:featuredmedia":[{"embeddable":true,"href":"https:\/\/finalbossgeek.com.br\/index.php?rest_route=\/wp\/v2\/media\/3389"}],"wp:attachment":[{"href":"https:\/\/finalbossgeek.com.br\/index.php?rest_route=%2Fwp%2Fv2%2Fmedia&parent=3388"}],"wp:term":[{"taxonomy":"category","embeddable":true,"href":"https:\/\/finalbossgeek.com.br\/index.php?rest_route=%2Fwp%2Fv2%2Fcategories&post=3388"},{"taxonomy":"post_tag","embeddable":true,"href":"https:\/\/finalbossgeek.com.br\/index.php?rest_route=%2Fwp%2Fv2%2Ftags&post=3388"}],"curies":[{"name":"wp","href":"https:\/\/api.w.org\/{rel}","templated":true}]}}