{"id":2376,"date":"2023-10-06T04:15:15","date_gmt":"2023-10-06T04:15:15","guid":{"rendered":"https:\/\/finalbossgeek.com.br\/?p=2376"},"modified":"2023-10-06T04:15:15","modified_gmt":"2023-10-06T04:15:15","slug":"animacao-musical-atiraram-no-pianista-abre-a-25a-edicao-do-festival-do-rio","status":"publish","type":"post","link":"https:\/\/finalbossgeek.com.br\/?p=2376","title":{"rendered":"Anima\u00e7\u00e3o musical &#8216;Atiraram no Pianista&#8217; abre a 25\u00aa edi\u00e7\u00e3o do Festival do Rio"},"content":{"rendered":"\n<p class=\"has-text-align-center\"><em>Gala de abertura, no Cine Odeon, \u00e9 uma homenagem \u00e0 m\u00fasica brasileira e celebra a liberdade de express\u00e3o<\/em><\/p>\n\n\n\n<p>Com mais de 250 t\u00edtulos, entre nacionais e internacionais em sua programa\u00e7\u00e3o, o Festival do Rio 2023 come\u00e7a nesta quinta-feira, 5 de outubro. E pela primeira vez em 25 anos recebe uma anima\u00e7\u00e3o em sua noite de abertura, no Cine Odeon.<\/p>\n\n\n\n<p>&#8220;Atiraram no Pianista&#8221; (&#8220;They Shot The Piano Player&#8221;, da Sony Pictures), dirigido por Fernando Trueba e Javier Mariscal, revisita a investiga\u00e7\u00e3o de um jornalista sobre a morte do pianista brasileiro Francisco Ten\u00f3rio J\u00fanior (1941-1976), m\u00fasico da banda de Vinicius de Moraes e Toquinho, que desapareceu durante uma temporada de shows em Buenos Aires.<\/p>\n\n\n\n<p>O filme chega ao Rio logo ap\u00f3s sua primeira exibi\u00e7\u00e3o mundial no Festival de Toronto, no Canad\u00e1, e contar\u00e1 com a presen\u00e7a do diretor Javier Mariscal na gala de abertura para apresentar o drama investigativo animado. Designer, ilustrador e desenhista reconhecido, Mariscal foi quem criou o mascote Cobe, dos Jogos Ol\u00edmpicos de Barcelona, em 1992.<\/p>\n\n\n\n<p>Quem tamb\u00e9m assina a dire\u00e7\u00e3o \u00e9 Fernando Trueba, ganhador do Oscar de Melhor Filme Estrangeiro em 1993 por &#8220;Belle \u00c9poque&#8221; e um amante do Brasil, que aprofunda sua vis\u00e3o amorosa da m\u00fasica brasileira, mas tamb\u00e9m de uma parte da hist\u00f3ria do pa\u00eds.<\/p>\n\n\n\n<p>&#8220;O Festival do Rio \u00e9 uma celebra\u00e7\u00e3o e um convite a novas aventuras, guardando um profundo respeito pela nossa hist\u00f3ria. O Brasil \u00e9 muito plural e podemos ver este retrato tamb\u00e9m nas telas do cinema. S\u00e3o diversas a\u00e7\u00f5es que criamos para os mais diversos p\u00fablicos e gostos diferentes, para comemorar a edi\u00e7\u00e3o hist\u00f3rica de 25 edi\u00e7\u00f5es do festival&#8221;, conta Ilda Santiago, diretora executiva de programa\u00e7\u00e3o do Festival do Rio.<\/p>\n\n\n\n<p>O Festival do Rio marca presen\u00e7a por toda a cidade, na praia, e nas arenas culturais da Prefeitura e em centros culturais, como o da Caixa Cultural e Justi\u00e7a Federal, que apresentam a mostra &#8220;A Cinemateca \u00c9 Brasileira&#8221; e o Programa Gera\u00e7\u00e3o, respectivamente. A programa\u00e7\u00e3o paralela ser\u00e1 anunciada em breve. O evento tamb\u00e9m ir\u00e1 receber,&nbsp;em noites de gala,&nbsp;<a href=\"https:\/\/s2310.releasespress.com\/link.php?code=bDpodHRwcyUzQSUyRiUyRmRyaXZlLmdvb2dsZS5jb20lMkZkcml2ZSUyRmZvbGRlcnMlMkYxTmFYcnB6QXF3NWx5al9tNTNTODlNTXA1Rnk4SzdseDUlM0Z1c3AlM0Rkcml2ZV9saW5rOjU5NzMxMjM0NTptYW5vZWxjYXN0cm9hbHZlc0BmaW5hbGJvc3NnZWVrLmNvbS5icjpjN2NkMjk6NWI=\" target=\"_blank\" rel=\"noreferrer noopener\"><u>quatro s\u00e9ries brasileiras<\/u><\/a>, com entrada gratuita, mediante cadastro pr\u00e9vio divulgado nas redes sociais e no site do Festival. Filmes&nbsp;que destacam as narrativas LGBTQIAPN+ ir\u00e3o concorrer ao&nbsp;<a href=\"https:\/\/s2310.releasespress.com\/link.php?code=bDpodHRwcyUzQSUyRiUyRmRyaXZlLmdvb2dsZS5jb20lMkZkcml2ZSUyRmZvbGRlcnMlMkYxbFNsaHA1WGRmTm81azNCc1c2NWt3U1pqOFduY3pBZlUlM0Z1c3AlM0Rkcml2ZV9saW5rOjU5NzMxMjM0NTptYW5vZWxjYXN0cm9hbHZlc0BmaW5hbGJvc3NnZWVrLmNvbS5icjo1ZWY1YTQ6NWI=\" target=\"_blank\" rel=\"noreferrer noopener\"><u>Pr\u00eamio F\u00e9lix<\/u><\/a>.<\/p>\n\n\n\n<p>&#8220;A parceria com o Festival do Rio, um dos maiores e mais importantes da Am\u00e9rica Latina, \u00e9 sucesso de p\u00fablico e cr\u00edtica para a Shell. O patroc\u00ednio reflete nosso compromisso em impulsionar o desenvolvimento social, cultural e econ\u00f4mico, e refor\u00e7a nosso papel como a segunda maior empresa apoiadora do setor cultural no Brasil por meio da Lei de Incentivo \u00e0 Cultura. Como patrocinadores, tentamos contribuir para um futuro mais inclusivo, celebrando a s\u00e9tima arte e enriquecendo ainda o panorama cultural brasileiro&#8221;, explica Glauco Paiva, Gerente Executivo de Comunica\u00e7\u00e3o e Responsabilidade Social da Shell Brasil.<\/p>\n\n\n\n<p>O&nbsp;<em>Festival do Rio<\/em>&nbsp;\u00e9 apresentado pelo Minist\u00e9rio da Cultura, Shell e Prefeitura do Rio. Tem patroc\u00ednio master da Shell atrav\u00e9s da Lei Federal de Incentivo \u00e0 Cultura, e apoio especial da Prefeitura do Rio \u2013 por meio da RioFilme, \u00f3rg\u00e3o que integra a Secretaria Municipal de Cultura e apoio FIRJAN e Ancine. Realiza\u00e7\u00e3o: Cinema do Rio e Minist\u00e9rio da Cultura \/ Governo Federal.<\/p>\n\n\n\n<p><strong>Sobre o filme<\/strong><\/p>\n\n\n\n<p>O filme revisita a hist\u00f3ria do pianista Francisco Ten\u00f3rio Jr., m\u00fasico da banda de Vinicius de Moraes e Toquinho, que desapareceu durante uma temporada de shows da dupla, em mar\u00e7o de 1976, em Buenos Aires, \u00e0s v\u00e9speras do golpe militar na Argentina. O ator Jeff Goldblum (&#8220;Jurassic Park&#8221;) d\u00e1 voz ao protagonista, um jornalista musical de Nova York que investiga o desaparecimento e a voz de seu amigo brasileiro \u00e9 de Tony Ramos. M\u00fasicos como Jo\u00e3o Gilberto, Caetano Veloso, Gilberto Gil, Vinicius de Moraes e Paulo Moura aparecem em depoimentos no filme. &#8220;Atiraram no Pianista&#8221; tem estreia nos cinemas prevista para 26 de outubro e j\u00e1 est\u00e1 sendo citado em listas de sites especializados como o portal Awards Daily como um potencial concorrente \u00e0 estatueta dourada da Academia de Artes e Ci\u00eancias Cinematogr\u00e1ficas de Hollywood.<\/p>\n\n\n\n<p><strong>Sinopse do filme<\/strong><\/p>\n\n\n\n<p>Um jornalista musical de Nova York embarca em uma miss\u00e3o para desvendar a verdade por tr\u00e1s do desaparecimento do jovem pianista prod\u00edgio Ten\u00f3rio Jr. Uma hist\u00f3ria comemorativa sobre a origem do ic\u00f4nico movimento musical da Bossa Nova, Atiraram no Pianista captura um tempo fugaz repleto de liberdade criativa em um ponto de virada da hist\u00f3ria latino-americana nas d\u00e9cadas de 60 e 70, pouco antes do continente ser engolido por regimes totalit\u00e1rios.<\/p>\n","protected":false},"excerpt":{"rendered":"<p>Gala de abertura, no Cine Odeon, \u00e9 uma homenagem \u00e0 m\u00fasica brasileira e celebra a liberdade de express\u00e3o Com mais de 250 t\u00edtulos, entre nacionais e internacionais em sua programa\u00e7\u00e3o, o Festival do Rio 2023 come\u00e7a nesta quinta-feira, 5 de outubro. E pela primeira vez em 25 anos recebe uma anima\u00e7\u00e3o em sua noite de [&hellip;]<\/p>\n","protected":false},"author":1,"featured_media":2377,"comment_status":"open","ping_status":"open","sticky":false,"template":"","format":"standard","meta":{"footnotes":""},"categories":[63,7,55],"tags":[],"class_list":["post-2376","post","type-post","status-publish","format-standard","has-post-thumbnail","hentry","category-bossindica","category-boss-noticias","category-filmes"],"yoast_head":"<!-- This site is optimized with the Yoast SEO plugin v27.4 - https:\/\/yoast.com\/product\/yoast-seo-wordpress\/ -->\n<title>&#039;Atiraram no Pianista&#039; abre a 25\u00aa edi\u00e7\u00e3o do Festival do Rio<\/title>\n<meta name=\"description\" content=\"Com mais de 250 t\u00edtulos, entre nacionais e internacionais em sua programa\u00e7\u00e3o, o Festival do Rio 2023 come\u00e7a nesta quinta-feira, 5 de outub...\" \/>\n<meta name=\"robots\" content=\"index, follow, max-snippet:-1, max-image-preview:large, max-video-preview:-1\" \/>\n<link rel=\"canonical\" href=\"https:\/\/finalbossgeek.com.br\/?p=2376\" \/>\n<meta property=\"og:locale\" content=\"pt_BR\" \/>\n<meta property=\"og:type\" content=\"article\" \/>\n<meta property=\"og:title\" content=\"&#039;Atiraram no Pianista&#039; abre a 25\u00aa edi\u00e7\u00e3o do Festival do Rio\" \/>\n<meta property=\"og:description\" content=\"Com mais de 250 t\u00edtulos, entre nacionais e internacionais em sua programa\u00e7\u00e3o, o Festival do Rio 2023 come\u00e7a nesta quinta-feira, 5 de outub...\" \/>\n<meta property=\"og:url\" content=\"https:\/\/finalbossgeek.com.br\/?p=2376\" \/>\n<meta property=\"og:site_name\" content=\"Final Boss Geek\" \/>\n<meta property=\"article:publisher\" content=\"https:\/\/web.facebook.com\/FinalBossGeek\" \/>\n<meta property=\"article:published_time\" content=\"2023-10-06T04:15:15+00:00\" \/>\n<meta property=\"og:image\" content=\"http:\/\/finalbossgeek.com.br\/wp-content\/uploads\/2023\/10\/atiraram-no-pianista-filme-.webp\" \/>\n\t<meta property=\"og:image:width\" content=\"1200\" \/>\n\t<meta property=\"og:image:height\" content=\"649\" \/>\n\t<meta property=\"og:image:type\" content=\"image\/webp\" \/>\n<meta name=\"author\" content=\"FinalBossGeek\" \/>\n<meta name=\"twitter:card\" content=\"summary_large_image\" \/>\n<meta name=\"twitter:label1\" content=\"Escrito por\" \/>\n\t<meta name=\"twitter:data1\" content=\"FinalBossGeek\" \/>\n\t<meta name=\"twitter:label2\" content=\"Est. tempo de leitura\" \/>\n\t<meta name=\"twitter:data2\" content=\"5 minutos\" \/>\n<script type=\"application\/ld+json\" class=\"yoast-schema-graph\">{\"@context\":\"https:\\\/\\\/schema.org\",\"@graph\":[{\"@type\":\"Article\",\"@id\":\"https:\\\/\\\/finalbossgeek.com.br\\\/?p=2376#article\",\"isPartOf\":{\"@id\":\"https:\\\/\\\/finalbossgeek.com.br\\\/?p=2376\"},\"author\":{\"name\":\"FinalBossGeek\",\"@id\":\"https:\\\/\\\/finalbossgeek.com.br\\\/#\\\/schema\\\/person\\\/efefe4df9547729a54251a02081297cd\"},\"headline\":\"Anima\u00e7\u00e3o musical &#8216;Atiraram no Pianista&#8217; abre a 25\u00aa edi\u00e7\u00e3o do Festival do Rio\",\"datePublished\":\"2023-10-06T04:15:15+00:00\",\"mainEntityOfPage\":{\"@id\":\"https:\\\/\\\/finalbossgeek.com.br\\\/?p=2376\"},\"wordCount\":804,\"commentCount\":0,\"publisher\":{\"@id\":\"https:\\\/\\\/finalbossgeek.com.br\\\/#organization\"},\"image\":{\"@id\":\"https:\\\/\\\/finalbossgeek.com.br\\\/?p=2376#primaryimage\"},\"thumbnailUrl\":\"https:\\\/\\\/finalbossgeek.com.br\\\/wp-content\\\/uploads\\\/2023\\\/10\\\/atiraram-no-pianista-filme-.webp\",\"articleSection\":[\"BossIndica\",\"BossNot\u00edcias\",\"Filmes\"],\"inLanguage\":\"pt-BR\",\"potentialAction\":[{\"@type\":\"CommentAction\",\"name\":\"Comment\",\"target\":[\"https:\\\/\\\/finalbossgeek.com.br\\\/?p=2376#respond\"]}]},{\"@type\":\"WebPage\",\"@id\":\"https:\\\/\\\/finalbossgeek.com.br\\\/?p=2376\",\"url\":\"https:\\\/\\\/finalbossgeek.com.br\\\/?p=2376\",\"name\":\"'Atiraram no Pianista' abre a 25\u00aa edi\u00e7\u00e3o do Festival do Rio\",\"isPartOf\":{\"@id\":\"https:\\\/\\\/finalbossgeek.com.br\\\/#website\"},\"primaryImageOfPage\":{\"@id\":\"https:\\\/\\\/finalbossgeek.com.br\\\/?p=2376#primaryimage\"},\"image\":{\"@id\":\"https:\\\/\\\/finalbossgeek.com.br\\\/?p=2376#primaryimage\"},\"thumbnailUrl\":\"https:\\\/\\\/finalbossgeek.com.br\\\/wp-content\\\/uploads\\\/2023\\\/10\\\/atiraram-no-pianista-filme-.webp\",\"datePublished\":\"2023-10-06T04:15:15+00:00\",\"description\":\"Com mais de 250 t\u00edtulos, entre nacionais e internacionais em sua programa\u00e7\u00e3o, o Festival do Rio 2023 come\u00e7a nesta quinta-feira, 5 de outub...\",\"breadcrumb\":{\"@id\":\"https:\\\/\\\/finalbossgeek.com.br\\\/?p=2376#breadcrumb\"},\"inLanguage\":\"pt-BR\",\"potentialAction\":[{\"@type\":\"ReadAction\",\"target\":[\"https:\\\/\\\/finalbossgeek.com.br\\\/?p=2376\"]}]},{\"@type\":\"ImageObject\",\"inLanguage\":\"pt-BR\",\"@id\":\"https:\\\/\\\/finalbossgeek.com.br\\\/?p=2376#primaryimage\",\"url\":\"https:\\\/\\\/finalbossgeek.com.br\\\/wp-content\\\/uploads\\\/2023\\\/10\\\/atiraram-no-pianista-filme-.webp\",\"contentUrl\":\"https:\\\/\\\/finalbossgeek.com.br\\\/wp-content\\\/uploads\\\/2023\\\/10\\\/atiraram-no-pianista-filme-.webp\",\"width\":1200,\"height\":649},{\"@type\":\"BreadcrumbList\",\"@id\":\"https:\\\/\\\/finalbossgeek.com.br\\\/?p=2376#breadcrumb\",\"itemListElement\":[{\"@type\":\"ListItem\",\"position\":1,\"name\":\"In\u00edcio\",\"item\":\"https:\\\/\\\/finalbossgeek.com.br\\\/\"},{\"@type\":\"ListItem\",\"position\":2,\"name\":\"Anima\u00e7\u00e3o musical &#8216;Atiraram no Pianista&#8217; abre a 25\u00aa edi\u00e7\u00e3o do Festival do Rio\"}]},{\"@type\":\"WebSite\",\"@id\":\"https:\\\/\\\/finalbossgeek.com.br\\\/#website\",\"url\":\"https:\\\/\\\/finalbossgeek.com.br\\\/\",\"name\":\"Final Boss Geek\",\"description\":\"&quot;A sua casa do entretenimento nerd&quot;\",\"publisher\":{\"@id\":\"https:\\\/\\\/finalbossgeek.com.br\\\/#organization\"},\"potentialAction\":[{\"@type\":\"SearchAction\",\"target\":{\"@type\":\"EntryPoint\",\"urlTemplate\":\"https:\\\/\\\/finalbossgeek.com.br\\\/?s={search_term_string}\"},\"query-input\":{\"@type\":\"PropertyValueSpecification\",\"valueRequired\":true,\"valueName\":\"search_term_string\"}}],\"inLanguage\":\"pt-BR\"},{\"@type\":\"Organization\",\"@id\":\"https:\\\/\\\/finalbossgeek.com.br\\\/#organization\",\"name\":\"Final Boss Geek\",\"url\":\"https:\\\/\\\/finalbossgeek.com.br\\\/\",\"logo\":{\"@type\":\"ImageObject\",\"inLanguage\":\"pt-BR\",\"@id\":\"https:\\\/\\\/finalbossgeek.com.br\\\/#\\\/schema\\\/logo\\\/image\\\/\",\"url\":\"https:\\\/\\\/finalbossgeek.com.br\\\/wp-content\\\/uploads\\\/2026\\\/04\\\/cropped-Icone-Site-2.png\",\"contentUrl\":\"https:\\\/\\\/finalbossgeek.com.br\\\/wp-content\\\/uploads\\\/2026\\\/04\\\/cropped-Icone-Site-2.png\",\"width\":512,\"height\":512,\"caption\":\"Final Boss Geek\"},\"image\":{\"@id\":\"https:\\\/\\\/finalbossgeek.com.br\\\/#\\\/schema\\\/logo\\\/image\\\/\"},\"sameAs\":[\"https:\\\/\\\/web.facebook.com\\\/FinalBossGeek\",\"https:\\\/\\\/www.instagram.com\\\/finalbossgeek\\\/\",\"https:\\\/\\\/www.twitch.tv\\\/finalbossgeek\",\"https:\\\/\\\/www.linkedin.com\\\/company\\\/finalbossgeek\\\/?viewAsMember=true\",\"https:\\\/\\\/www.tiktok.com\\\/@finalbossgeek\"]},{\"@type\":\"Person\",\"@id\":\"https:\\\/\\\/finalbossgeek.com.br\\\/#\\\/schema\\\/person\\\/efefe4df9547729a54251a02081297cd\",\"name\":\"FinalBossGeek\",\"image\":{\"@type\":\"ImageObject\",\"inLanguage\":\"pt-BR\",\"@id\":\"https:\\\/\\\/secure.gravatar.com\\\/avatar\\\/d1422701180383085e7511b514ea162092d901bbcc4a2c798223f3078a0f1b01?s=96&d=mm&r=g\",\"url\":\"https:\\\/\\\/secure.gravatar.com\\\/avatar\\\/d1422701180383085e7511b514ea162092d901bbcc4a2c798223f3078a0f1b01?s=96&d=mm&r=g\",\"contentUrl\":\"https:\\\/\\\/secure.gravatar.com\\\/avatar\\\/d1422701180383085e7511b514ea162092d901bbcc4a2c798223f3078a0f1b01?s=96&d=mm&r=g\",\"caption\":\"FinalBossGeek\"},\"sameAs\":[\"http:\\\/\\\/finalbossgeek.com.br\"],\"url\":\"https:\\\/\\\/finalbossgeek.com.br\\\/?author=1\"}]}<\/script>\n<!-- \/ Yoast SEO plugin. -->","yoast_head_json":{"title":"'Atiraram no Pianista' abre a 25\u00aa edi\u00e7\u00e3o do Festival do Rio","description":"Com mais de 250 t\u00edtulos, entre nacionais e internacionais em sua programa\u00e7\u00e3o, o Festival do Rio 2023 come\u00e7a nesta quinta-feira, 5 de outub...","robots":{"index":"index","follow":"follow","max-snippet":"max-snippet:-1","max-image-preview":"max-image-preview:large","max-video-preview":"max-video-preview:-1"},"canonical":"https:\/\/finalbossgeek.com.br\/?p=2376","og_locale":"pt_BR","og_type":"article","og_title":"'Atiraram no Pianista' abre a 25\u00aa edi\u00e7\u00e3o do Festival do Rio","og_description":"Com mais de 250 t\u00edtulos, entre nacionais e internacionais em sua programa\u00e7\u00e3o, o Festival do Rio 2023 come\u00e7a nesta quinta-feira, 5 de outub...","og_url":"https:\/\/finalbossgeek.com.br\/?p=2376","og_site_name":"Final Boss Geek","article_publisher":"https:\/\/web.facebook.com\/FinalBossGeek","article_published_time":"2023-10-06T04:15:15+00:00","og_image":[{"width":1200,"height":649,"url":"http:\/\/finalbossgeek.com.br\/wp-content\/uploads\/2023\/10\/atiraram-no-pianista-filme-.webp","type":"image\/webp"}],"author":"FinalBossGeek","twitter_card":"summary_large_image","twitter_misc":{"Escrito por":"FinalBossGeek","Est. tempo de leitura":"5 minutos"},"schema":{"@context":"https:\/\/schema.org","@graph":[{"@type":"Article","@id":"https:\/\/finalbossgeek.com.br\/?p=2376#article","isPartOf":{"@id":"https:\/\/finalbossgeek.com.br\/?p=2376"},"author":{"name":"FinalBossGeek","@id":"https:\/\/finalbossgeek.com.br\/#\/schema\/person\/efefe4df9547729a54251a02081297cd"},"headline":"Anima\u00e7\u00e3o musical &#8216;Atiraram no Pianista&#8217; abre a 25\u00aa edi\u00e7\u00e3o do Festival do Rio","datePublished":"2023-10-06T04:15:15+00:00","mainEntityOfPage":{"@id":"https:\/\/finalbossgeek.com.br\/?p=2376"},"wordCount":804,"commentCount":0,"publisher":{"@id":"https:\/\/finalbossgeek.com.br\/#organization"},"image":{"@id":"https:\/\/finalbossgeek.com.br\/?p=2376#primaryimage"},"thumbnailUrl":"https:\/\/finalbossgeek.com.br\/wp-content\/uploads\/2023\/10\/atiraram-no-pianista-filme-.webp","articleSection":["BossIndica","BossNot\u00edcias","Filmes"],"inLanguage":"pt-BR","potentialAction":[{"@type":"CommentAction","name":"Comment","target":["https:\/\/finalbossgeek.com.br\/?p=2376#respond"]}]},{"@type":"WebPage","@id":"https:\/\/finalbossgeek.com.br\/?p=2376","url":"https:\/\/finalbossgeek.com.br\/?p=2376","name":"'Atiraram no Pianista' abre a 25\u00aa edi\u00e7\u00e3o do Festival do Rio","isPartOf":{"@id":"https:\/\/finalbossgeek.com.br\/#website"},"primaryImageOfPage":{"@id":"https:\/\/finalbossgeek.com.br\/?p=2376#primaryimage"},"image":{"@id":"https:\/\/finalbossgeek.com.br\/?p=2376#primaryimage"},"thumbnailUrl":"https:\/\/finalbossgeek.com.br\/wp-content\/uploads\/2023\/10\/atiraram-no-pianista-filme-.webp","datePublished":"2023-10-06T04:15:15+00:00","description":"Com mais de 250 t\u00edtulos, entre nacionais e internacionais em sua programa\u00e7\u00e3o, o Festival do Rio 2023 come\u00e7a nesta quinta-feira, 5 de outub...","breadcrumb":{"@id":"https:\/\/finalbossgeek.com.br\/?p=2376#breadcrumb"},"inLanguage":"pt-BR","potentialAction":[{"@type":"ReadAction","target":["https:\/\/finalbossgeek.com.br\/?p=2376"]}]},{"@type":"ImageObject","inLanguage":"pt-BR","@id":"https:\/\/finalbossgeek.com.br\/?p=2376#primaryimage","url":"https:\/\/finalbossgeek.com.br\/wp-content\/uploads\/2023\/10\/atiraram-no-pianista-filme-.webp","contentUrl":"https:\/\/finalbossgeek.com.br\/wp-content\/uploads\/2023\/10\/atiraram-no-pianista-filme-.webp","width":1200,"height":649},{"@type":"BreadcrumbList","@id":"https:\/\/finalbossgeek.com.br\/?p=2376#breadcrumb","itemListElement":[{"@type":"ListItem","position":1,"name":"In\u00edcio","item":"https:\/\/finalbossgeek.com.br\/"},{"@type":"ListItem","position":2,"name":"Anima\u00e7\u00e3o musical &#8216;Atiraram no Pianista&#8217; abre a 25\u00aa edi\u00e7\u00e3o do Festival do Rio"}]},{"@type":"WebSite","@id":"https:\/\/finalbossgeek.com.br\/#website","url":"https:\/\/finalbossgeek.com.br\/","name":"Final Boss Geek","description":"&quot;A sua casa do entretenimento nerd&quot;","publisher":{"@id":"https:\/\/finalbossgeek.com.br\/#organization"},"potentialAction":[{"@type":"SearchAction","target":{"@type":"EntryPoint","urlTemplate":"https:\/\/finalbossgeek.com.br\/?s={search_term_string}"},"query-input":{"@type":"PropertyValueSpecification","valueRequired":true,"valueName":"search_term_string"}}],"inLanguage":"pt-BR"},{"@type":"Organization","@id":"https:\/\/finalbossgeek.com.br\/#organization","name":"Final Boss Geek","url":"https:\/\/finalbossgeek.com.br\/","logo":{"@type":"ImageObject","inLanguage":"pt-BR","@id":"https:\/\/finalbossgeek.com.br\/#\/schema\/logo\/image\/","url":"https:\/\/finalbossgeek.com.br\/wp-content\/uploads\/2026\/04\/cropped-Icone-Site-2.png","contentUrl":"https:\/\/finalbossgeek.com.br\/wp-content\/uploads\/2026\/04\/cropped-Icone-Site-2.png","width":512,"height":512,"caption":"Final Boss Geek"},"image":{"@id":"https:\/\/finalbossgeek.com.br\/#\/schema\/logo\/image\/"},"sameAs":["https:\/\/web.facebook.com\/FinalBossGeek","https:\/\/www.instagram.com\/finalbossgeek\/","https:\/\/www.twitch.tv\/finalbossgeek","https:\/\/www.linkedin.com\/company\/finalbossgeek\/?viewAsMember=true","https:\/\/www.tiktok.com\/@finalbossgeek"]},{"@type":"Person","@id":"https:\/\/finalbossgeek.com.br\/#\/schema\/person\/efefe4df9547729a54251a02081297cd","name":"FinalBossGeek","image":{"@type":"ImageObject","inLanguage":"pt-BR","@id":"https:\/\/secure.gravatar.com\/avatar\/d1422701180383085e7511b514ea162092d901bbcc4a2c798223f3078a0f1b01?s=96&d=mm&r=g","url":"https:\/\/secure.gravatar.com\/avatar\/d1422701180383085e7511b514ea162092d901bbcc4a2c798223f3078a0f1b01?s=96&d=mm&r=g","contentUrl":"https:\/\/secure.gravatar.com\/avatar\/d1422701180383085e7511b514ea162092d901bbcc4a2c798223f3078a0f1b01?s=96&d=mm&r=g","caption":"FinalBossGeek"},"sameAs":["http:\/\/finalbossgeek.com.br"],"url":"https:\/\/finalbossgeek.com.br\/?author=1"}]}},"_links":{"self":[{"href":"https:\/\/finalbossgeek.com.br\/index.php?rest_route=\/wp\/v2\/posts\/2376","targetHints":{"allow":["GET"]}}],"collection":[{"href":"https:\/\/finalbossgeek.com.br\/index.php?rest_route=\/wp\/v2\/posts"}],"about":[{"href":"https:\/\/finalbossgeek.com.br\/index.php?rest_route=\/wp\/v2\/types\/post"}],"author":[{"embeddable":true,"href":"https:\/\/finalbossgeek.com.br\/index.php?rest_route=\/wp\/v2\/users\/1"}],"replies":[{"embeddable":true,"href":"https:\/\/finalbossgeek.com.br\/index.php?rest_route=%2Fwp%2Fv2%2Fcomments&post=2376"}],"version-history":[{"count":1,"href":"https:\/\/finalbossgeek.com.br\/index.php?rest_route=\/wp\/v2\/posts\/2376\/revisions"}],"predecessor-version":[{"id":2378,"href":"https:\/\/finalbossgeek.com.br\/index.php?rest_route=\/wp\/v2\/posts\/2376\/revisions\/2378"}],"wp:featuredmedia":[{"embeddable":true,"href":"https:\/\/finalbossgeek.com.br\/index.php?rest_route=\/wp\/v2\/media\/2377"}],"wp:attachment":[{"href":"https:\/\/finalbossgeek.com.br\/index.php?rest_route=%2Fwp%2Fv2%2Fmedia&parent=2376"}],"wp:term":[{"taxonomy":"category","embeddable":true,"href":"https:\/\/finalbossgeek.com.br\/index.php?rest_route=%2Fwp%2Fv2%2Fcategories&post=2376"},{"taxonomy":"post_tag","embeddable":true,"href":"https:\/\/finalbossgeek.com.br\/index.php?rest_route=%2Fwp%2Fv2%2Ftags&post=2376"}],"curies":[{"name":"wp","href":"https:\/\/api.w.org\/{rel}","templated":true}]}}