{"id":2233,"date":"2023-09-16T03:54:38","date_gmt":"2023-09-16T03:54:38","guid":{"rendered":"https:\/\/finalbossgeek.com.br\/?p=2233"},"modified":"2023-09-16T03:54:40","modified_gmt":"2023-09-16T03:54:40","slug":"atiraram-no-pianista-animacao-musical-dirigida-por-fernando-trueba-e-javier-mariscal-abre-a-25a-edicao-do-festival-do-rio-no-dia-5-de-outubro","status":"publish","type":"post","link":"https:\/\/finalbossgeek.com.br\/?p=2233","title":{"rendered":"&#8216;Atiraram no Pianista&#8217;, anima\u00e7\u00e3o musical dirigida por Fernando Trueba e Javier Mariscal, abre a 25\u00aa edi\u00e7\u00e3o do Festival do Rio no dia 5 de outubro"},"content":{"rendered":"\n<p class=\"has-text-align-center\"><em>Gala de Abertura, que acontece no Cine Odeon, \u00e9 uma homenagem \u00e0 m\u00fasica brasileira e celebra a liberdade de express\u00e3o<\/em><\/p>\n\n\n\n<p class=\"has-text-align-center\"><em>Galas de Encerramento: \u00faltima noite oferece ao p\u00fablico o esperado &#8216;Priscilla&#8217;, de Sofia Copolla e a produ\u00e7\u00e3o brasileira &#8216;O Sequestro do Voo 375&#8217;<\/em><\/p>\n\n\n\n<p>Pela primeira vez em 25 anos, o Festival do Rio recebe uma anima\u00e7\u00e3o em sua noite de abertura, no dia 5 de outubro.&nbsp;<strong>&#8220;Atiraram no Pianista&#8221;<\/strong>&nbsp;(&#8220;They Shot The Piano Player&#8221;, da Sony Pictures) \u00e9 um drama investigativo animado, dirigido por Fernando Trueba e Javier Mariscal &#8211; dupla respons\u00e1vel por &#8220;Chico e Rita&#8221;, longa indicado ao Oscar de 2012. Ganhador do Oscar de Melhor Filme Estrangeiro em 1993 por &#8220;Belle \u00c9poque&#8221; e um amante do Brasil, Fernando Trueba aprofunda sua vis\u00e3o amorosa da m\u00fasica brasileira, mas tamb\u00e9m de uma parte da hist\u00f3ria do pa\u00eds. Dividindo a dire\u00e7\u00e3o est\u00e1 Mariscal, designer, ilustrador e desenhista reconhecido, e criador do mascote Cobe, dos Jogos Ol\u00edmpicos de Barcelona.&nbsp;<a href=\"https:\/\/s2309.publisher-releases.com\/link.php?code=bDpodHRwcyUzQSUyRiUyRmRyaXZlLmdvb2dsZS5jb20lMkZkcml2ZSUyRmZvbGRlcnMlMkYxSU9OOWtQY3VHdXZVekZYaUQyV016OWxqc3h2TDdnLTMlM0Z1c3AlM0RzaGFyaW5nOjE2NDc5ODM2MjA6bWFub2VsY2FzdHJvYWx2ZXNAZmluYWxib3NzZ2Vlay5jb20uYnI6NTEzNGQ0OjU4\" target=\"_blank\" rel=\"noreferrer noopener\"><u>Acesse fotos e release aqui.<\/u><\/a><br>&nbsp;<\/p>\n\n\n\n<p>No s\u00e1bado, dia 14, o Festival recebe como Galas de Encerramento o esperado longa-metragem in\u00e9dito de Sofia Coppola,&nbsp;<strong>&#8220;Priscilla&#8221;&nbsp;<\/strong>&#8211;<strong>&nbsp;<\/strong>rec\u00e9m premiado no Festival de Veneza e distribu\u00eddo no Brasil pela MUBI, abre a noite (<a href=\"https:\/\/s2309.publisher-releases.com\/link.php?code=bDpodHRwcyUzQSUyRiUyRmRyaXZlLmdvb2dsZS5jb20lMkZkcml2ZSUyRmZvbGRlcnMlMkYxTWRzQTRHZlBjYlFMOTA3RGFGMDF3OEdBbFpMVURxbmslM0Z1c3AlM0Rkcml2ZV9saW5rOjE2NDc5ODM2MjA6bWFub2VsY2FzdHJvYWx2ZXNAZmluYWxib3NzZ2Vlay5jb20uYnI6ZGZhNWFjOjU4\" target=\"_blank\" rel=\"noreferrer noopener\"><u>acesse fotos e release de Priscilla aqui<\/u><\/a>) &#8211; e o thriller brasileiro&nbsp;<strong>&#8220;O Sequestro do Voo 375&#8221;&nbsp;<\/strong>&#8211; produzido pelo Est\u00fadio Escarlate, coproduzido pela Star Original Productions, distribu\u00eddo pela Star Distribution, e dirigido por Marcus Baldini. Sua trama retrata o caso real do sequestro de um voo comercial da Vasp, em 1988 (<a href=\"https:\/\/s2309.publisher-releases.com\/link.php?code=bDpodHRwcyUzQSUyRiUyRmRyaXZlLmdvb2dsZS5jb20lMkZkcml2ZSUyRnUlMkYzJTJGZm9sZGVycyUyRjF1U2J0NXl1OGs0enZuNk41c0NKeFM2LUF0TjhXTXU3WToxNjQ3OTgzNjIwOm1hbm9lbGNhc3Ryb2FsdmVzQGZpbmFsYm9zc2dlZWsuY29tLmJyOjZlNzY1ZTo1OA==\" target=\"_blank\" rel=\"noreferrer noopener\"><u>acesse fotos e release do filme aqui<\/u><\/a>).<\/p>\n\n\n\n<p>&#8220;O Festival do Rio \u00e9 uma celebra\u00e7\u00e3o e um convite \u00e0 novas aventuras, guardando um profundo respeito pela nossa hist\u00f3ria. O mesmo esp\u00edrito de nosso filme de abertura. \u00c9 uma honra podermos exibir em nossa noite de gala, pela primeira vez, uma anima\u00e7\u00e3o que retrata um dos maiores pianistas latino-americanos de vida t\u00e3o breve. Uma homenagem \u00e0 m\u00fasica brasileira, ao Rio de Janeiro e \u00e0 import\u00e2ncia da liberdade de express\u00e3o&#8221;, diz Ilda Santiago, diretora executiva de programa\u00e7\u00e3o do Festival do Rio.<br>&nbsp;<\/p>\n\n\n\n<p><strong>Sobre os filmes<\/strong><\/p>\n\n\n\n<p>&#8220;Atiraram no Pianista&#8221; chega ao Rio logo ap\u00f3s sua primeira exibi\u00e7\u00e3o mundial no&nbsp;<strong>Festival de Toronto<\/strong>, no Canad\u00e1. O filme revisita a hist\u00f3ria do pianista Francisco Ten\u00f3rio Jr., m\u00fasico da banda de Vinicius de Moraes e Toquinho, que desapareceu durante uma temporada de shows da dupla, em mar\u00e7o de 1976, em Buenos Aires, \u00e0s v\u00e9speras do golpe militar na Argentina. O ator&nbsp;<strong>Jeff Goldblum<\/strong>&nbsp;(&#8220;Jurassic Park&#8221;) d\u00e1 voz ao protagonista, um jornalista musical de Nova York que investiga o desaparecimento e a voz de seu amigo brasileiro \u00e9 de&nbsp;<strong>Tony Ramos<\/strong>. M\u00fasicos como&nbsp;<strong>Jo\u00e3o Gilberto, Caetano Veloso, Gilberto Gil, Vinicius de Moraes e Paulo Moura<\/strong>&nbsp;aparecem em depoimentos no filme. &#8220;Atiraram no Pianista&#8221; tem estreia nos cinemas prevista para 26 de outubro e j\u00e1 est\u00e1 sendo citado em listas de sites especializados como o portal Awards Daily como um potencial concorrente \u00e0 estatueta dourada da Academia de Artes e Ci\u00eancias Cinematogr\u00e1ficas de Hollywood.<\/p>\n\n\n\n<p><br>O p\u00fablico ter\u00e1 a chance de ver, em primeir\u00edssima m\u00e3o, na Gala de Encerramento da Premi\u00e8re Brasil, &#8220;O Sequestro do Voo 375&#8221;, um filme de suspense e a\u00e7\u00e3o de produ\u00e7\u00e3o ousada, com a reconstru\u00e7\u00e3o de um avi\u00e3o em tamanho real. Com dire\u00e7\u00e3o de Marcus Baldini, roteiro de Lusa Silvestre (Medida Provis\u00f3ria) e produ\u00e7\u00e3o de Joana Henning, o filme traz Jorge Paz (&#8220;Marighella&#8221;) como o sequestrador e Danilo Grangheia (Irmandade) como o piloto do avi\u00e3o. A estreia nos cinemas est\u00e1 prevista para o dia 7 de dezembro.<\/p>\n\n\n\n<p><br>Na grande Gala de Encerramento Internacional, diretamente do Festival de Veneza, o Festival do Rio tem a honra de apresentar &#8220;Priscilla&#8221;, de&nbsp;<strong>Sofia Copolla<\/strong>, um filme esperad\u00edssimo pelo p\u00fablico, de uma diretora ic\u00f4nica. O filme concorreu ao Le\u00e3o de Ouro no&nbsp;<strong>Festival de Veneza<\/strong>&nbsp;e levou o pr\u00eamio de melhor atriz para Cailee Spaeny, como protagonista da hist\u00f3ria de&nbsp;<strong>Priscilla Presley<\/strong>.<\/p>\n\n\n\n<p><br>Em sua hist\u00f3rica edi\u00e7\u00e3o comemorando 25 anos, o Festival do Rio celebra todos os cinemas e todos os p\u00fablicos, com uma programa\u00e7\u00e3o que se espalhando pela cidade do Rio de Janeiro. Um convite \u00e0s novas plateias para fazer parte dessa hist\u00f3ria.<br>&nbsp;<\/p>\n\n\n\n<p><strong>Sinopse de &#8220;Atiraram no Pianista&#8221;<\/strong><\/p>\n\n\n\n<p>Um jornalista musical de Nova York embarca em uma miss\u00e3o para desvendar a verdade por tr\u00e1s do desaparecimento do jovem pianista prod\u00edgio Ten\u00f3rio Jr. Uma hist\u00f3ria comemorativa sobre a origem do ic\u00f4nico movimento musical da Bossa Nova, Atiraram no Pianista captura um tempo fugaz repleto de liberdade criativa em um ponto de virada da hist\u00f3ria latino-americana nas d\u00e9cadas de 60 e 70, pouco antes do continente ser engolido por regimes totalit\u00e1rios.<br>&nbsp;<\/p>\n\n\n\n<p><strong>Sinopse de &#8220;O Sequestro do Voo 375&#8221;<\/strong><\/p>\n\n\n\n<p>Em 1988 o trabalhador Nonato se rebela contra o presidente e as dificuldades de um pa\u00eds em crise e orquestra o sequestro de um voo comercial para um atentado ao Pal\u00e1cio do Planalto. Murilo, o piloto desse avi\u00e3o, se v\u00ea respons\u00e1vel pela vida de mais de 100 pessoas a bordo e mesmo com toda tens\u00e3o criada pelo sequestrador dentro da aeronave, executa a manobra mais impressionante da sua carreira e muda a hist\u00f3ria da avia\u00e7\u00e3o. Baseado em uma hist\u00f3ria real.<br>&nbsp;<\/p>\n\n\n\n<p><strong>Sinopse de &#8220;Priscilla&#8221;<\/strong><\/p>\n\n\n\n<p>Quando a adolescente Priscilla Beaulieu conhece Elvis Presley em uma festa, o homem que j\u00e1 era um superstar do rock torna-se algu\u00e9m completamente inesperado em momentos particulares: uma paix\u00e3o emocionante, um aliado na solid\u00e3o, um melhor amigo vulner\u00e1vel. Atrav\u00e9s dos olhos de Priscilla, Sofia Coppola conta o lado invis\u00edvel de um grande mito norte-americano durante o longo namoro e casamento turbulento de Elvis e Priscilla, desde uma base militar alem\u00e3 at\u00e9 \u00e0 sua propriedade dos sonhos em Graceland. Um retrato de amor, fantasia e fama profundo e arrebatadoramente detalhado.<\/p>\n\n\n\n<p><strong>Sobre o Festival do Rio<\/strong><\/p>\n\n\n\n<p>O&nbsp;<em>Festival do Rio<\/em>&nbsp;\u00e9 um dos maiores da Am\u00e9rica Latina. Desde sua cria\u00e7\u00e3o, j\u00e1 foram exibidos 7 mil longas, incluindo obras rec\u00e9m-premiadas em Cannes, Berlim, Toronto, Veneza e outros. Formador de p\u00fablico, mas tamb\u00e9m de m\u00e3o de obra, o Festival do Rio capacitou milhares de profissionais. Anualmente o evento re\u00fane, al\u00e9m de filmes exibidos nos mais importantes festivais mundiais, diversas mostras tem\u00e1ticas e sess\u00f5es populares. Distribu\u00eddos em diferentes mostras, incluindo a competitiva Premi\u00e8re Brasil, os filmes nacionais comp\u00f5em parte fundamental do festival, que \u00e9 a maior vitrine da produ\u00e7\u00e3o brasileira. Na \u00e1rea profissional e de neg\u00f3cios, o&nbsp;<em>RioMarke<\/em>t re\u00fane executivos, talentos e profissionais do audiovisual.<br>&nbsp;<\/p>\n\n\n\n<p>O&nbsp;<em>Festival do Rio<\/em>&nbsp;\u00e9 apresentado pelo Minist\u00e9rio da Cultura, Shell e Prefeitura do Rio. Tem patroc\u00ednio master da Shell atrav\u00e9s da Lei Federal de Incentivo a Cultura, e apoio especial da Prefeitura do Rio \u2013 por meio da RioFilme, \u00f3rg\u00e3o que integra a Secretaria Municipal de Cultura. Realiza\u00e7\u00e3o: Cinema do Rio e Minist\u00e9rio da Cultura \/ Governo Federal.<br>&nbsp;<\/p>\n\n\n\n<p><strong>Sobre a Shell<\/strong><\/p>\n\n\n\n<p>H\u00e1 110 anos no pa\u00eds, a Shell \u00e9 uma empresa de energia integrada com participa\u00e7\u00e3o em Upstream, no Novo Mercado de G\u00e1s Natural, Trading, Pesquisa &amp; Desenvolvimento e no Desenvolvimento de Energias Renov\u00e1veis, com um neg\u00f3cio de comercializa\u00e7\u00e3o no mercado livre e produtos ambientais, a Shell Energy Brasil. Aqui, a distribui\u00e7\u00e3o de combust\u00edveis \u00e9 gerenciada pela joint-venture Ra\u00edzen, que recentemente adquiriu tamb\u00e9m o neg\u00f3cio de lubrificantes da Shell Brasil. A companhia trabalha para atender \u00e0 crescente demanda por energia de forma econ\u00f4mica, ambiental e socialmente respons\u00e1vel, avaliando tend\u00eancias e cen\u00e1rios para responder ao desafio do futuro da energia.<br>&nbsp;<\/p>\n\n\n\n<p><strong>Para imagens e trailers:<\/strong><\/p>\n\n\n\n<p>Para fazer o download da imagem e o pressbook do filme &#8220;Atiraram no Pianista&#8221;,&nbsp;<a href=\"https:\/\/s2309.publisher-releases.com\/link.php?code=bDpodHRwcyUzQSUyRiUyRmRyaXZlLmdvb2dsZS5jb20lMkZkcml2ZSUyRmZvbGRlcnMlMkYxSU9OOWtQY3VHdXZVekZYaUQyV016OWxqc3h2TDdnLTMlM0Z1c3AlM0RzaGFyaW5nOjE2NDc5ODM2MjA6bWFub2VsY2FzdHJvYWx2ZXNAZmluYWxib3NzZ2Vlay5jb20uYnI6NTEzNGQ0OjU4\" target=\"_blank\" rel=\"noreferrer noopener\"><u>clique aqui<\/u><\/a>. E para &#8220;Priscilla&#8221;,&nbsp;<a href=\"https:\/\/s2309.publisher-releases.com\/link.php?code=bDpodHRwcyUzQSUyRiUyRmRyaXZlLmdvb2dsZS5jb20lMkZkcml2ZSUyRmZvbGRlcnMlMkYxTWRzQTRHZlBjYlFMOTA3RGFGMDF3OEdBbFpMVURxbmslM0Z1c3AlM0Rkcml2ZV9saW5rOjE2NDc5ODM2MjA6bWFub2VsY2FzdHJvYWx2ZXNAZmluYWxib3NzZ2Vlay5jb20uYnI6ZGZhNWFjOjU4\" target=\"_blank\" rel=\"noreferrer noopener\"><u>clique aqui<\/u><\/a>.<\/p>\n\n\n\n<p>Em breve, as fotos e os trailers dos filmes estar\u00e3o no site do festival. Para acess\u00e1-los, entre no site festivaldorio.com.br, busque \u00e0 direita na tela o filme que interessa \u00e0 voc\u00ea. Na p\u00e1gina do filme, voc\u00ea pode fazer o download das fotos clicando com a tecla direita do mouse, ou acessar o trailer hospedado no Youtube na aba trailer. Para fotos de cobertura de eventos, tapete vermelhos e outros, acesse&nbsp;<a href=\"https:\/\/s2309.publisher-releases.com\/link.php?code=bDpodHRwcyUzQSUyRiUyRnd3dy5mbGlja3IuY29tJTJGcGhvdG9zJTJGZmVzdGl2YWxkb3JpbyUyRjoxNjQ3OTgzNjIwOm1hbm9lbGNhc3Ryb2FsdmVzQGZpbmFsYm9zc2dlZWsuY29tLmJyOmQ3NjQzYzo1OA==\" target=\"_blank\" rel=\"noreferrer noopener\"><u>este link<\/u><\/a>, a partir do 6 de outubro.<\/p>\n","protected":false},"excerpt":{"rendered":"<p>Gala de Abertura, que acontece no Cine Odeon, \u00e9 uma homenagem \u00e0 m\u00fasica brasileira e celebra a liberdade de express\u00e3o Galas de Encerramento: \u00faltima noite oferece ao p\u00fablico o esperado &#8216;Priscilla&#8217;, de Sofia Copolla e a produ\u00e7\u00e3o brasileira &#8216;O Sequestro do Voo 375&#8217; Pela primeira vez em 25 anos, o Festival do Rio recebe uma [&hellip;]<\/p>\n","protected":false},"author":1,"featured_media":2234,"comment_status":"open","ping_status":"open","sticky":false,"template":"","format":"standard","meta":{"footnotes":""},"categories":[7,55],"tags":[],"class_list":["post-2233","post","type-post","status-publish","format-standard","has-post-thumbnail","hentry","category-boss-noticias","category-filmes"],"yoast_head":"<!-- This site is optimized with the Yoast SEO plugin v27.4 - https:\/\/yoast.com\/product\/yoast-seo-wordpress\/ -->\n<title>&#039;Atiraram no Pianista&#039;, anima\u00e7\u00e3o musical dirigida por Fernando Trueba e Javier Mariscal, abre a 25\u00aa edi\u00e7\u00e3o do Festival do Rio no dia 5 de outubro - Final Boss Geek<\/title>\n<meta name=\"robots\" content=\"index, follow, max-snippet:-1, max-image-preview:large, max-video-preview:-1\" \/>\n<link rel=\"canonical\" href=\"https:\/\/finalbossgeek.com.br\/?p=2233\" \/>\n<meta property=\"og:locale\" content=\"pt_BR\" \/>\n<meta property=\"og:type\" content=\"article\" \/>\n<meta property=\"og:title\" content=\"&#039;Atiraram no Pianista&#039;, anima\u00e7\u00e3o musical dirigida por Fernando Trueba e Javier Mariscal, abre a 25\u00aa edi\u00e7\u00e3o do Festival do Rio no dia 5 de outubro - Final Boss Geek\" \/>\n<meta property=\"og:description\" content=\"Gala de Abertura, que acontece no Cine Odeon, \u00e9 uma homenagem \u00e0 m\u00fasica brasileira e celebra a liberdade de express\u00e3o Galas de Encerramento: \u00faltima noite oferece ao p\u00fablico o esperado &#8216;Priscilla&#8217;, de Sofia Copolla e a produ\u00e7\u00e3o brasileira &#8216;O Sequestro do Voo 375&#8217; Pela primeira vez em 25 anos, o Festival do Rio recebe uma [&hellip;]\" \/>\n<meta property=\"og:url\" content=\"https:\/\/finalbossgeek.com.br\/?p=2233\" \/>\n<meta property=\"og:site_name\" content=\"Final Boss Geek\" \/>\n<meta property=\"article:publisher\" content=\"https:\/\/web.facebook.com\/FinalBossGeek\" \/>\n<meta property=\"article:published_time\" content=\"2023-09-16T03:54:38+00:00\" \/>\n<meta property=\"article:modified_time\" content=\"2023-09-16T03:54:40+00:00\" \/>\n<meta property=\"og:image\" content=\"https:\/\/finalbossgeek.com.br\/wp-content\/uploads\/2023\/09\/handler.png\" \/>\n\t<meta property=\"og:image:width\" content=\"1632\" \/>\n\t<meta property=\"og:image:height\" content=\"751\" \/>\n\t<meta property=\"og:image:type\" content=\"image\/png\" \/>\n<meta name=\"author\" content=\"FinalBossGeek\" \/>\n<meta name=\"twitter:card\" content=\"summary_large_image\" \/>\n<meta name=\"twitter:label1\" content=\"Escrito por\" \/>\n\t<meta name=\"twitter:data1\" content=\"FinalBossGeek\" \/>\n\t<meta name=\"twitter:label2\" content=\"Est. tempo de leitura\" \/>\n\t<meta name=\"twitter:data2\" content=\"7 minutos\" \/>\n<script type=\"application\/ld+json\" class=\"yoast-schema-graph\">{\"@context\":\"https:\\\/\\\/schema.org\",\"@graph\":[{\"@type\":\"Article\",\"@id\":\"https:\\\/\\\/finalbossgeek.com.br\\\/?p=2233#article\",\"isPartOf\":{\"@id\":\"https:\\\/\\\/finalbossgeek.com.br\\\/?p=2233\"},\"author\":{\"name\":\"FinalBossGeek\",\"@id\":\"https:\\\/\\\/finalbossgeek.com.br\\\/#\\\/schema\\\/person\\\/efefe4df9547729a54251a02081297cd\"},\"headline\":\"&#8216;Atiraram no Pianista&#8217;, anima\u00e7\u00e3o musical dirigida por Fernando Trueba e Javier Mariscal, abre a 25\u00aa edi\u00e7\u00e3o do Festival do Rio no dia 5 de outubro\",\"datePublished\":\"2023-09-16T03:54:38+00:00\",\"dateModified\":\"2023-09-16T03:54:40+00:00\",\"mainEntityOfPage\":{\"@id\":\"https:\\\/\\\/finalbossgeek.com.br\\\/?p=2233\"},\"wordCount\":1454,\"commentCount\":0,\"publisher\":{\"@id\":\"https:\\\/\\\/finalbossgeek.com.br\\\/#organization\"},\"image\":{\"@id\":\"https:\\\/\\\/finalbossgeek.com.br\\\/?p=2233#primaryimage\"},\"thumbnailUrl\":\"https:\\\/\\\/finalbossgeek.com.br\\\/wp-content\\\/uploads\\\/2023\\\/09\\\/handler.png\",\"articleSection\":[\"BossNot\u00edcias\",\"Filmes\"],\"inLanguage\":\"pt-BR\",\"potentialAction\":[{\"@type\":\"CommentAction\",\"name\":\"Comment\",\"target\":[\"https:\\\/\\\/finalbossgeek.com.br\\\/?p=2233#respond\"]}]},{\"@type\":\"WebPage\",\"@id\":\"https:\\\/\\\/finalbossgeek.com.br\\\/?p=2233\",\"url\":\"https:\\\/\\\/finalbossgeek.com.br\\\/?p=2233\",\"name\":\"'Atiraram no Pianista', anima\u00e7\u00e3o musical dirigida por Fernando Trueba e Javier Mariscal, abre a 25\u00aa edi\u00e7\u00e3o do Festival do Rio no dia 5 de outubro - Final Boss Geek\",\"isPartOf\":{\"@id\":\"https:\\\/\\\/finalbossgeek.com.br\\\/#website\"},\"primaryImageOfPage\":{\"@id\":\"https:\\\/\\\/finalbossgeek.com.br\\\/?p=2233#primaryimage\"},\"image\":{\"@id\":\"https:\\\/\\\/finalbossgeek.com.br\\\/?p=2233#primaryimage\"},\"thumbnailUrl\":\"https:\\\/\\\/finalbossgeek.com.br\\\/wp-content\\\/uploads\\\/2023\\\/09\\\/handler.png\",\"datePublished\":\"2023-09-16T03:54:38+00:00\",\"dateModified\":\"2023-09-16T03:54:40+00:00\",\"breadcrumb\":{\"@id\":\"https:\\\/\\\/finalbossgeek.com.br\\\/?p=2233#breadcrumb\"},\"inLanguage\":\"pt-BR\",\"potentialAction\":[{\"@type\":\"ReadAction\",\"target\":[\"https:\\\/\\\/finalbossgeek.com.br\\\/?p=2233\"]}]},{\"@type\":\"ImageObject\",\"inLanguage\":\"pt-BR\",\"@id\":\"https:\\\/\\\/finalbossgeek.com.br\\\/?p=2233#primaryimage\",\"url\":\"https:\\\/\\\/finalbossgeek.com.br\\\/wp-content\\\/uploads\\\/2023\\\/09\\\/handler.png\",\"contentUrl\":\"https:\\\/\\\/finalbossgeek.com.br\\\/wp-content\\\/uploads\\\/2023\\\/09\\\/handler.png\",\"width\":1632,\"height\":751},{\"@type\":\"BreadcrumbList\",\"@id\":\"https:\\\/\\\/finalbossgeek.com.br\\\/?p=2233#breadcrumb\",\"itemListElement\":[{\"@type\":\"ListItem\",\"position\":1,\"name\":\"In\u00edcio\",\"item\":\"https:\\\/\\\/finalbossgeek.com.br\\\/\"},{\"@type\":\"ListItem\",\"position\":2,\"name\":\"&#8216;Atiraram no Pianista&#8217;, anima\u00e7\u00e3o musical dirigida por Fernando Trueba e Javier Mariscal, abre a 25\u00aa edi\u00e7\u00e3o do Festival do Rio no dia 5 de outubro\"}]},{\"@type\":\"WebSite\",\"@id\":\"https:\\\/\\\/finalbossgeek.com.br\\\/#website\",\"url\":\"https:\\\/\\\/finalbossgeek.com.br\\\/\",\"name\":\"Final Boss Geek\",\"description\":\"&quot;A sua casa do entretenimento nerd&quot;\",\"publisher\":{\"@id\":\"https:\\\/\\\/finalbossgeek.com.br\\\/#organization\"},\"potentialAction\":[{\"@type\":\"SearchAction\",\"target\":{\"@type\":\"EntryPoint\",\"urlTemplate\":\"https:\\\/\\\/finalbossgeek.com.br\\\/?s={search_term_string}\"},\"query-input\":{\"@type\":\"PropertyValueSpecification\",\"valueRequired\":true,\"valueName\":\"search_term_string\"}}],\"inLanguage\":\"pt-BR\"},{\"@type\":\"Organization\",\"@id\":\"https:\\\/\\\/finalbossgeek.com.br\\\/#organization\",\"name\":\"Final Boss Geek\",\"url\":\"https:\\\/\\\/finalbossgeek.com.br\\\/\",\"logo\":{\"@type\":\"ImageObject\",\"inLanguage\":\"pt-BR\",\"@id\":\"https:\\\/\\\/finalbossgeek.com.br\\\/#\\\/schema\\\/logo\\\/image\\\/\",\"url\":\"https:\\\/\\\/finalbossgeek.com.br\\\/wp-content\\\/uploads\\\/2026\\\/04\\\/cropped-Icone-Site-2.png\",\"contentUrl\":\"https:\\\/\\\/finalbossgeek.com.br\\\/wp-content\\\/uploads\\\/2026\\\/04\\\/cropped-Icone-Site-2.png\",\"width\":512,\"height\":512,\"caption\":\"Final Boss Geek\"},\"image\":{\"@id\":\"https:\\\/\\\/finalbossgeek.com.br\\\/#\\\/schema\\\/logo\\\/image\\\/\"},\"sameAs\":[\"https:\\\/\\\/web.facebook.com\\\/FinalBossGeek\",\"https:\\\/\\\/www.instagram.com\\\/finalbossgeek\\\/\",\"https:\\\/\\\/www.twitch.tv\\\/finalbossgeek\",\"https:\\\/\\\/www.linkedin.com\\\/company\\\/finalbossgeek\\\/?viewAsMember=true\",\"https:\\\/\\\/www.tiktok.com\\\/@finalbossgeek\"]},{\"@type\":\"Person\",\"@id\":\"https:\\\/\\\/finalbossgeek.com.br\\\/#\\\/schema\\\/person\\\/efefe4df9547729a54251a02081297cd\",\"name\":\"FinalBossGeek\",\"image\":{\"@type\":\"ImageObject\",\"inLanguage\":\"pt-BR\",\"@id\":\"https:\\\/\\\/secure.gravatar.com\\\/avatar\\\/d1422701180383085e7511b514ea162092d901bbcc4a2c798223f3078a0f1b01?s=96&d=mm&r=g\",\"url\":\"https:\\\/\\\/secure.gravatar.com\\\/avatar\\\/d1422701180383085e7511b514ea162092d901bbcc4a2c798223f3078a0f1b01?s=96&d=mm&r=g\",\"contentUrl\":\"https:\\\/\\\/secure.gravatar.com\\\/avatar\\\/d1422701180383085e7511b514ea162092d901bbcc4a2c798223f3078a0f1b01?s=96&d=mm&r=g\",\"caption\":\"FinalBossGeek\"},\"sameAs\":[\"http:\\\/\\\/finalbossgeek.com.br\"],\"url\":\"https:\\\/\\\/finalbossgeek.com.br\\\/?author=1\"}]}<\/script>\n<!-- \/ Yoast SEO plugin. -->","yoast_head_json":{"title":"'Atiraram no Pianista', anima\u00e7\u00e3o musical dirigida por Fernando Trueba e Javier Mariscal, abre a 25\u00aa edi\u00e7\u00e3o do Festival do Rio no dia 5 de outubro - Final Boss Geek","robots":{"index":"index","follow":"follow","max-snippet":"max-snippet:-1","max-image-preview":"max-image-preview:large","max-video-preview":"max-video-preview:-1"},"canonical":"https:\/\/finalbossgeek.com.br\/?p=2233","og_locale":"pt_BR","og_type":"article","og_title":"'Atiraram no Pianista', anima\u00e7\u00e3o musical dirigida por Fernando Trueba e Javier Mariscal, abre a 25\u00aa edi\u00e7\u00e3o do Festival do Rio no dia 5 de outubro - Final Boss Geek","og_description":"Gala de Abertura, que acontece no Cine Odeon, \u00e9 uma homenagem \u00e0 m\u00fasica brasileira e celebra a liberdade de express\u00e3o Galas de Encerramento: \u00faltima noite oferece ao p\u00fablico o esperado &#8216;Priscilla&#8217;, de Sofia Copolla e a produ\u00e7\u00e3o brasileira &#8216;O Sequestro do Voo 375&#8217; Pela primeira vez em 25 anos, o Festival do Rio recebe uma [&hellip;]","og_url":"https:\/\/finalbossgeek.com.br\/?p=2233","og_site_name":"Final Boss Geek","article_publisher":"https:\/\/web.facebook.com\/FinalBossGeek","article_published_time":"2023-09-16T03:54:38+00:00","article_modified_time":"2023-09-16T03:54:40+00:00","og_image":[{"width":1632,"height":751,"url":"https:\/\/finalbossgeek.com.br\/wp-content\/uploads\/2023\/09\/handler.png","type":"image\/png"}],"author":"FinalBossGeek","twitter_card":"summary_large_image","twitter_misc":{"Escrito por":"FinalBossGeek","Est. tempo de leitura":"7 minutos"},"schema":{"@context":"https:\/\/schema.org","@graph":[{"@type":"Article","@id":"https:\/\/finalbossgeek.com.br\/?p=2233#article","isPartOf":{"@id":"https:\/\/finalbossgeek.com.br\/?p=2233"},"author":{"name":"FinalBossGeek","@id":"https:\/\/finalbossgeek.com.br\/#\/schema\/person\/efefe4df9547729a54251a02081297cd"},"headline":"&#8216;Atiraram no Pianista&#8217;, anima\u00e7\u00e3o musical dirigida por Fernando Trueba e Javier Mariscal, abre a 25\u00aa edi\u00e7\u00e3o do Festival do Rio no dia 5 de outubro","datePublished":"2023-09-16T03:54:38+00:00","dateModified":"2023-09-16T03:54:40+00:00","mainEntityOfPage":{"@id":"https:\/\/finalbossgeek.com.br\/?p=2233"},"wordCount":1454,"commentCount":0,"publisher":{"@id":"https:\/\/finalbossgeek.com.br\/#organization"},"image":{"@id":"https:\/\/finalbossgeek.com.br\/?p=2233#primaryimage"},"thumbnailUrl":"https:\/\/finalbossgeek.com.br\/wp-content\/uploads\/2023\/09\/handler.png","articleSection":["BossNot\u00edcias","Filmes"],"inLanguage":"pt-BR","potentialAction":[{"@type":"CommentAction","name":"Comment","target":["https:\/\/finalbossgeek.com.br\/?p=2233#respond"]}]},{"@type":"WebPage","@id":"https:\/\/finalbossgeek.com.br\/?p=2233","url":"https:\/\/finalbossgeek.com.br\/?p=2233","name":"'Atiraram no Pianista', anima\u00e7\u00e3o musical dirigida por Fernando Trueba e Javier Mariscal, abre a 25\u00aa edi\u00e7\u00e3o do Festival do Rio no dia 5 de outubro - Final Boss Geek","isPartOf":{"@id":"https:\/\/finalbossgeek.com.br\/#website"},"primaryImageOfPage":{"@id":"https:\/\/finalbossgeek.com.br\/?p=2233#primaryimage"},"image":{"@id":"https:\/\/finalbossgeek.com.br\/?p=2233#primaryimage"},"thumbnailUrl":"https:\/\/finalbossgeek.com.br\/wp-content\/uploads\/2023\/09\/handler.png","datePublished":"2023-09-16T03:54:38+00:00","dateModified":"2023-09-16T03:54:40+00:00","breadcrumb":{"@id":"https:\/\/finalbossgeek.com.br\/?p=2233#breadcrumb"},"inLanguage":"pt-BR","potentialAction":[{"@type":"ReadAction","target":["https:\/\/finalbossgeek.com.br\/?p=2233"]}]},{"@type":"ImageObject","inLanguage":"pt-BR","@id":"https:\/\/finalbossgeek.com.br\/?p=2233#primaryimage","url":"https:\/\/finalbossgeek.com.br\/wp-content\/uploads\/2023\/09\/handler.png","contentUrl":"https:\/\/finalbossgeek.com.br\/wp-content\/uploads\/2023\/09\/handler.png","width":1632,"height":751},{"@type":"BreadcrumbList","@id":"https:\/\/finalbossgeek.com.br\/?p=2233#breadcrumb","itemListElement":[{"@type":"ListItem","position":1,"name":"In\u00edcio","item":"https:\/\/finalbossgeek.com.br\/"},{"@type":"ListItem","position":2,"name":"&#8216;Atiraram no Pianista&#8217;, anima\u00e7\u00e3o musical dirigida por Fernando Trueba e Javier Mariscal, abre a 25\u00aa edi\u00e7\u00e3o do Festival do Rio no dia 5 de outubro"}]},{"@type":"WebSite","@id":"https:\/\/finalbossgeek.com.br\/#website","url":"https:\/\/finalbossgeek.com.br\/","name":"Final Boss Geek","description":"&quot;A sua casa do entretenimento nerd&quot;","publisher":{"@id":"https:\/\/finalbossgeek.com.br\/#organization"},"potentialAction":[{"@type":"SearchAction","target":{"@type":"EntryPoint","urlTemplate":"https:\/\/finalbossgeek.com.br\/?s={search_term_string}"},"query-input":{"@type":"PropertyValueSpecification","valueRequired":true,"valueName":"search_term_string"}}],"inLanguage":"pt-BR"},{"@type":"Organization","@id":"https:\/\/finalbossgeek.com.br\/#organization","name":"Final Boss Geek","url":"https:\/\/finalbossgeek.com.br\/","logo":{"@type":"ImageObject","inLanguage":"pt-BR","@id":"https:\/\/finalbossgeek.com.br\/#\/schema\/logo\/image\/","url":"https:\/\/finalbossgeek.com.br\/wp-content\/uploads\/2026\/04\/cropped-Icone-Site-2.png","contentUrl":"https:\/\/finalbossgeek.com.br\/wp-content\/uploads\/2026\/04\/cropped-Icone-Site-2.png","width":512,"height":512,"caption":"Final Boss Geek"},"image":{"@id":"https:\/\/finalbossgeek.com.br\/#\/schema\/logo\/image\/"},"sameAs":["https:\/\/web.facebook.com\/FinalBossGeek","https:\/\/www.instagram.com\/finalbossgeek\/","https:\/\/www.twitch.tv\/finalbossgeek","https:\/\/www.linkedin.com\/company\/finalbossgeek\/?viewAsMember=true","https:\/\/www.tiktok.com\/@finalbossgeek"]},{"@type":"Person","@id":"https:\/\/finalbossgeek.com.br\/#\/schema\/person\/efefe4df9547729a54251a02081297cd","name":"FinalBossGeek","image":{"@type":"ImageObject","inLanguage":"pt-BR","@id":"https:\/\/secure.gravatar.com\/avatar\/d1422701180383085e7511b514ea162092d901bbcc4a2c798223f3078a0f1b01?s=96&d=mm&r=g","url":"https:\/\/secure.gravatar.com\/avatar\/d1422701180383085e7511b514ea162092d901bbcc4a2c798223f3078a0f1b01?s=96&d=mm&r=g","contentUrl":"https:\/\/secure.gravatar.com\/avatar\/d1422701180383085e7511b514ea162092d901bbcc4a2c798223f3078a0f1b01?s=96&d=mm&r=g","caption":"FinalBossGeek"},"sameAs":["http:\/\/finalbossgeek.com.br"],"url":"https:\/\/finalbossgeek.com.br\/?author=1"}]}},"_links":{"self":[{"href":"https:\/\/finalbossgeek.com.br\/index.php?rest_route=\/wp\/v2\/posts\/2233","targetHints":{"allow":["GET"]}}],"collection":[{"href":"https:\/\/finalbossgeek.com.br\/index.php?rest_route=\/wp\/v2\/posts"}],"about":[{"href":"https:\/\/finalbossgeek.com.br\/index.php?rest_route=\/wp\/v2\/types\/post"}],"author":[{"embeddable":true,"href":"https:\/\/finalbossgeek.com.br\/index.php?rest_route=\/wp\/v2\/users\/1"}],"replies":[{"embeddable":true,"href":"https:\/\/finalbossgeek.com.br\/index.php?rest_route=%2Fwp%2Fv2%2Fcomments&post=2233"}],"version-history":[{"count":1,"href":"https:\/\/finalbossgeek.com.br\/index.php?rest_route=\/wp\/v2\/posts\/2233\/revisions"}],"predecessor-version":[{"id":2235,"href":"https:\/\/finalbossgeek.com.br\/index.php?rest_route=\/wp\/v2\/posts\/2233\/revisions\/2235"}],"wp:featuredmedia":[{"embeddable":true,"href":"https:\/\/finalbossgeek.com.br\/index.php?rest_route=\/wp\/v2\/media\/2234"}],"wp:attachment":[{"href":"https:\/\/finalbossgeek.com.br\/index.php?rest_route=%2Fwp%2Fv2%2Fmedia&parent=2233"}],"wp:term":[{"taxonomy":"category","embeddable":true,"href":"https:\/\/finalbossgeek.com.br\/index.php?rest_route=%2Fwp%2Fv2%2Fcategories&post=2233"},{"taxonomy":"post_tag","embeddable":true,"href":"https:\/\/finalbossgeek.com.br\/index.php?rest_route=%2Fwp%2Fv2%2Ftags&post=2233"}],"curies":[{"name":"wp","href":"https:\/\/api.w.org\/{rel}","templated":true}]}}